{"id":3948,"date":"2021-03-05T09:00:59","date_gmt":"2021-03-05T09:00:59","guid":{"rendered":"https:\/\/pryorglobal.com\/?p=3948"},"modified":"2021-03-08T15:13:17","modified_gmt":"2021-03-08T15:13:17","slug":"novos-planos-de-saude-para-novos-tempos","status":"publish","type":"post","link":"https:\/\/www.pryorglobal.com\/en\/novos-planos-de-saude-para-novos-tempos\/","title":{"rendered":"Novos planos de sa\u00fade para novos tempos"},"content":{"rendered":"<div data-elementor-type=\"wp-post\" data-elementor-id=\"3948\" class=\"elementor elementor-3948\" data-elementor-post-type=\"post\">\n\t\t\t\t\t\t<section class=\"elementor-section elementor-top-section elementor-element elementor-element-27019799 elementor-section-boxed elementor-section-height-default elementor-section-height-default\" data-id=\"27019799\" data-element_type=\"section\" data-e-type=\"section\">\n\t\t\t\t\t\t<div class=\"elementor-container elementor-column-gap-default\">\n\t\t\t\t\t<div class=\"elementor-column elementor-col-100 elementor-top-column elementor-element elementor-element-1955cc98\" data-id=\"1955cc98\" data-element_type=\"column\" data-e-type=\"column\">\n\t\t\t<div class=\"elementor-widget-wrap elementor-element-populated\">\n\t\t\t\t\t\t<div class=\"elementor-element elementor-element-300fe01 elementor-widget elementor-widget-image\" data-id=\"300fe01\" data-element_type=\"widget\" data-e-type=\"widget\" data-widget_type=\"image.default\">\n\t\t\t\t<div class=\"elementor-widget-container\">\n\t\t\t\t\t\t\t\t\t\t\t\t\t\t\t<img fetchpriority=\"high\" decoding=\"async\" width=\"800\" height=\"279\" src=\"https:\/\/www.pryorglobal.com\/wp-content\/uploads\/2021\/03\/Blog-16-\u2013-20-Sau\u0301de_2-3-03.jpg\" class=\"attachment-large size-large wp-image-3964\" alt=\"\" srcset=\"https:\/\/www.pryorglobal.com\/wp-content\/uploads\/2021\/03\/Blog-16-\u2013-20-Sau\u0301de_2-3-03.jpg 860w, https:\/\/www.pryorglobal.com\/wp-content\/uploads\/2021\/03\/Blog-16-\u2013-20-Sau\u0301de_2-3-03-300x105.jpg 300w, https:\/\/www.pryorglobal.com\/wp-content\/uploads\/2021\/03\/Blog-16-\u2013-20-Sau\u0301de_2-3-03-768x268.jpg 768w, https:\/\/www.pryorglobal.com\/wp-content\/uploads\/2021\/03\/Blog-16-\u2013-20-Sau\u0301de_2-3-03-16x6.jpg 16w\" sizes=\"(max-width: 800px) 100vw, 800px\" \/>\t\t\t\t\t\t\t\t\t\t\t\t\t\t\t<\/div>\n\t\t\t\t<\/div>\n\t\t\t\t<div class=\"elementor-element elementor-element-4e94dc6 elementor-widget elementor-widget-text-editor\" data-id=\"4e94dc6\" data-element_type=\"widget\" data-e-type=\"widget\" data-widget_type=\"text-editor.default\">\n\t\t\t\t<div class=\"elementor-widget-container\">\n\t\t\t\t\t\t\t\t\t\n<p style=\"text-align:justify;\">Os planos de sa\u00fade particulares\u00a0come\u00e7aram\u00a0a atrair a aten\u00e7\u00e3o do brasileiro em meio \u00e0 pandemia do\u00a0coronav\u00edrus e o caos na sa\u00fade\u00a0p\u00fablica.<\/p>\n\n\n\n<p style=\"text-align:justify;\">N\u00e3o depender do Sistema \u00danico de Sa\u00fade\u00a0(SUS) e\u00a0ter um atendimento mais r\u00e1pido, em instala\u00e7\u00f5es com melhores\u00a0condi\u00e7\u00f5es, passaram a ser grandes atrativos.<\/p>\n\n\n\n<p style=\"text-align:justify;\">Por\u00e9m\u00a0os valores\u00a0elevados da maioria dos planos\u00a0pesam do outro lado da balan\u00e7a. Atenta\u00a0a\u00a0este cen\u00e1rio,\u00a0uma empresa mudou o jogo e criou\u00a0alternativas convidativas.\u00a0Mas, quais s\u00e3o as diferen\u00e7as?<\/p>\n\t\t\t\t\t\t\t\t<\/div>\n\t\t\t\t<\/div>\n\t\t\t\t<div class=\"elementor-element elementor-element-4d5fac9 elementor-widget elementor-widget-heading\" data-id=\"4d5fac9\" data-element_type=\"widget\" data-e-type=\"widget\" data-widget_type=\"heading.default\">\n\t\t\t\t<div class=\"elementor-widget-container\">\n\t\t\t\t\t<h2 class=\"elementor-heading-title elementor-size-default\">Planos de sa\u00fade humanizados<\/h2>\t\t\t\t<\/div>\n\t\t\t\t<\/div>\n\t\t\t\t<div class=\"elementor-element elementor-element-e06dbdc elementor-widget elementor-widget-text-editor\" data-id=\"e06dbdc\" data-element_type=\"widget\" data-e-type=\"widget\" data-widget_type=\"text-editor.default\">\n\t\t\t\t<div class=\"elementor-widget-container\">\n\t\t\t\t\t\t\t\t\t\n<p style=\"text-align: justify;\">As quarentenas decorrentes da pandemia n\u00e3o trouxeram os resultados esperados. Por isso, a lota\u00e7\u00e3o das UTIs criou um clima de preocupa\u00e7\u00e3o nas pessoas, tanto com a pr\u00f3pria sa\u00fade\u00a0quanto de seus familiares.<\/p>\n\n\n\n<p style=\"text-align: justify;\">A partir dessa inseguran\u00e7a, muitos brasileiros decidiram contratar planos de sa\u00fade que os tornassem, em certa medida, independentes do SUS.\u00a0\u00a0<\/p>\n\n\n\n<p style=\"text-align:justify;\">O que\u00a0aconteceu, ent\u00e3o, foi\u00a0um\u00a0movimento de propor\u00e7\u00f5es\u00a0nunca vistas:\u00a0<a href=\"https:\/\/fenasaude.org.br\/noticias\/mesmo-na-crise-brasileiro-nao-abre-mao-de-plano-de-saude.html\" target=\"_blank\" rel=\"noreferrer noopener\">mais de 560\u00a0mil\u00a0pessoas\u00a0migraram para os planos privados em 2020,<\/a>\u00a0somando-se aos ent\u00e3o\u00a0<a href=\"https:\/\/www.ans.gov.br\/perfil-do-setor\/dados-gerais\" target=\"_blank\" rel=\"noreferrer noopener\">8 milh\u00f5es\u00a0de benefici\u00e1rios existentes nos planos individuais ou familiares<\/a>, segundo a Ag\u00eancia Nacional de Sa\u00fade Suplementar (ANS).\u00a0<\/p>\n\n\n\n<p style=\"text-align:justify;\">Por\u00e9m, este n\u00famero poderia ser muito maior\u00a0se n\u00e3o fosse por um\u00a0pequeno grande\u00a0detalhe:\u00a0o custo.\u00a0Apesar dos\u00a0valores j\u00e1 considerados\u00a0muito\u00a0altos,\u00a0os grandes planos\u00a0<a href=\"https:\/\/noticias.uol.com.br\/saude\/ultimas-noticias\/redacao\/2020\/12\/28\/covid-19-coronavirus-mensalidade-dos-planos-de-saude-ans-idec-abrasco.htm\" target=\"_blank\" rel=\"noreferrer noopener\">preveem\u00a0um aumento de at\u00e9 35%<\/a>\u00a0em 2021,\u00a0<a href=\"https:\/\/brasil.elpais.com\/economia\/2020-12-22\/lucro-dos-planos-de-saude-cresce-durante-a-pandemia-apesar-da-crise-economica-e-do-desemprego.html#El-Pa%C3%ADs-Brasil\" target=\"_blank\" rel=\"noreferrer noopener\">mesmo tendo faturado alto durante a pandemia.<\/a>\u00a0<\/p>\n\n\n\n<p style=\"text-align:justify;\">Outro fator que impossibilita\u00a0a ades\u00e3o de um maior n\u00famero de pessoas\u00a0\u00e9 o desinteresse das\u00a0empresas\u00a0mais tradicionais no mercado\u00a0em rela\u00e7\u00e3o aos\u00a0planos\u00a0de sa\u00fade individuais.<\/p>\n\n\n\n<p style=\"text-align:justify;\">As\u00a0ades\u00f5es individuais, nesse caso, por n\u00e3o serem interessantes do ponto de vista comercial, nem sempre s\u00e3o aceitas.\u00a0Muitas dessas empresas sequer oferecem a possibilidade deste tipo de plano.\u00a0<\/p>\n\n\n\n<p style=\"text-align:justify;\">Para solucionar esse impasse, <strong>surge um novo modelo de plano de sa\u00fade<\/strong>, onde\u00a0o atendimento personalizado e mais humano se alia a valores mais justos e pratic\u00e1veis para o consumidor.<\/p>\n\t\t\t\t\t\t\t\t<\/div>\n\t\t\t\t<\/div>\n\t\t\t\t<div class=\"elementor-element elementor-element-6daa4f8 elementor-widget elementor-widget-heading\" data-id=\"6daa4f8\" data-element_type=\"widget\" data-e-type=\"widget\" data-widget_type=\"heading.default\">\n\t\t\t\t<div class=\"elementor-widget-container\">\n\t\t\t\t\t<h2 class=\"elementor-heading-title elementor-size-default\">Qsa\u00fade: mais humana, econ\u00f4mica e com planos individuais<\/h2>\t\t\t\t<\/div>\n\t\t\t\t<\/div>\n\t\t\t\t<div class=\"elementor-element elementor-element-aa93d64 elementor-widget elementor-widget-text-editor\" data-id=\"aa93d64\" data-element_type=\"widget\" data-e-type=\"widget\" data-widget_type=\"text-editor.default\">\n\t\t\t\t<div class=\"elementor-widget-container\">\n\t\t\t\t\t\t\t\t\t\n<p style=\"text-align:justify;\">A\u00a0Qsa\u00fade est\u00e1 sediada em S\u00e3o Paulo. De acordo com o vice-presidente executivo da empresa, Anderson Nascimento\u00a0<em>\u201cExistiam\u00a0poucas\u00a0op\u00e7\u00f5es\u00a0de planos\u00a0individuais, talvez pelo modelo financeiro das operadoras, mas para a popula\u00e7\u00e3o \u00e9 muito interessante.\u201d<\/em><\/p>\n\n\n\n<p style=\"text-align:justify;\">Ainda segundo ele, outro ponto diferencial\u00a0do plano individual \u00e9 o reajuste, que nunca \u00e9 abusivo: \u201c<em>A ANS define os reajustes, enquanto nos planos de ades\u00e3o coletiva o reajuste pode ser dado por qualquer \u00edndice&#8221;<\/em>.<\/p>\n\n\n\n<p style=\"text-align:justify;\">Essa alternativa\u00a0traz<strong> a oportunidade real de acesso ao plano de sa\u00fade para muitas pessoas<\/strong>.\u00a0\u00a0Al\u00e9m disso, a telemedicina \u00e9 um dos grandes diferenciais dessa operadora, que n\u00e3o est\u00e1 vinculada a uma rede pr\u00f3pria de atendimento, mas garante a cobertura em grandes hospitais e laborat\u00f3rios.<\/p>\n\n\n\n<p style=\"text-align:justify;\"><em>\u00a0<\/em>A combina\u00e7\u00e3o de pre\u00e7o, transpar\u00eancia e o cuidado no atendimento familiar tornam a Qsa\u00fade a escolha ideal para quem busca o atendimento humanizado.<\/p>\n\t\t\t\t\t\t\t\t<\/div>\n\t\t\t\t<\/div>\n\t\t\t\t<div class=\"elementor-element elementor-element-034251a elementor-widget elementor-widget-image\" data-id=\"034251a\" data-element_type=\"widget\" data-e-type=\"widget\" data-widget_type=\"image.default\">\n\t\t\t\t<div class=\"elementor-widget-container\">\n\t\t\t\t\t\t\t\t\t\t\t\t\t\t\t<img decoding=\"async\" width=\"800\" height=\"279\" src=\"https:\/\/www.pryorglobal.com\/wp-content\/uploads\/2021\/03\/Blog-16-\u2013-20-Sau\u0301de_2-3-02.jpg\" class=\"attachment-large size-large wp-image-3965\" alt=\"\" srcset=\"https:\/\/www.pryorglobal.com\/wp-content\/uploads\/2021\/03\/Blog-16-\u2013-20-Sau\u0301de_2-3-02.jpg 860w, https:\/\/www.pryorglobal.com\/wp-content\/uploads\/2021\/03\/Blog-16-\u2013-20-Sau\u0301de_2-3-02-300x105.jpg 300w, https:\/\/www.pryorglobal.com\/wp-content\/uploads\/2021\/03\/Blog-16-\u2013-20-Sau\u0301de_2-3-02-768x268.jpg 768w, https:\/\/www.pryorglobal.com\/wp-content\/uploads\/2021\/03\/Blog-16-\u2013-20-Sau\u0301de_2-3-02-16x6.jpg 16w\" sizes=\"(max-width: 800px) 100vw, 800px\" \/>\t\t\t\t\t\t\t\t\t\t\t\t\t\t\t<\/div>\n\t\t\t\t<\/div>\n\t\t\t\t<div class=\"elementor-element elementor-element-e241344 elementor-widget elementor-widget-heading\" data-id=\"e241344\" data-element_type=\"widget\" data-e-type=\"widget\" data-widget_type=\"heading.default\">\n\t\t\t\t<div class=\"elementor-widget-container\">\n\t\t\t\t\t<h2 class=\"elementor-heading-title elementor-size-default\">Vantagens do plano Qsa\u00fade<\/h2>\t\t\t\t<\/div>\n\t\t\t\t<\/div>\n\t\t\t\t<div class=\"elementor-element elementor-element-f245997 elementor-widget elementor-widget-text-editor\" data-id=\"f245997\" data-element_type=\"widget\" data-e-type=\"widget\" data-widget_type=\"text-editor.default\">\n\t\t\t\t<div class=\"elementor-widget-container\">\n\t\t\t\t\t\t\t\t\t\n<p style=\"text-align:justify;\">Buscando a combina\u00e7\u00e3o de qualidade de vida e tranquilidade, os planos de sa\u00fade individuais dessa nova operadora oferecem:<\/p>\n\n\n\n<ul class=\"wp-block-list\">\n<li><strong>Pre\u00e7os menores\u00a0&#8211;<\/strong>\u00a0o mercado utiliza os planos de ades\u00e3o como alternativa para a comercializa\u00e7\u00e3o de planos de sa\u00fade individuais. Por\u00e9m, toda vez que um sindicato vincula o <a href=\"https:\/\/www.pryorglobal.com\/en\/reajuste-do-plano-de-saude-saiba-como-renegociar\/\">reajuste ao perfil de um grupo de segurados<\/a>, a mensalidade do plano pode sofrer aumentos significativos. A vantagem dos planos Qsa\u00fade \u00e9 que os reajustes dos valores s\u00e3o definidos pela ANS, sem que o crit\u00e9rio seja determinado por uma seguradora ou qualquer outro intermedi\u00e1rio.<\/li>\n<\/ul>\n\n\n\n<ul class=\"wp-block-list\">\n<li><strong>Transpar\u00eancia\u00a0<\/strong>&#8211; os contratos\u00a0n\u00e3o trazem \u201cletras mi\u00fadas\u201d e garantem que n\u00e3o haver\u00e1 surpresas na hora de pagar.\u00a0O cliente \u00e9 sempre informado claramente de tudo e existe at\u00e9 mesmo uma equipe pronta, dispon\u00edvel pelo aplicativo Qsa\u00fade 24 horas por dia, para tirar todas as d\u00favidas.<\/li>\n<\/ul>\n\n\n\n<ul class=\"wp-block-list\">\n<li><strong>M\u00e9dicos de Fam\u00edlia\u00a0<\/strong>&#8211;\u00a0o\u00a0m\u00e9dico de fam\u00edlia\u00a0\u00e9\u00a0um profissional altamente qualificado, de confian\u00e7a e o mais importante: acess\u00edvel.\u00a0No\u00a0Qsa\u00fade\u00a0\u00e9\u00a0ele quem\u00a0realiza o primeiro contato com os pacientes e as consultas subsequentes e, quando necess\u00e1rio,\u00a0faz o\u00a0encaminhamento\u00a0para um especialista ou solicita exames.\u00a0Ele conhece o hist\u00f3rico de cada\u00a0paciente, suas caracter\u00edsticas m\u00e9dicas e seus h\u00e1bitos. Ou seja, ao inv\u00e9s de tratar apenas a doen\u00e7a, ele trata a pessoa, criando um atendimento mais pr\u00f3ximo e humanizado, al\u00e9m de atuar junto aos especialistas quando necess\u00e1rio. Importante: todos os\u00a0M\u00e9dicos de\u00a0Fam\u00edlia\u00a0do\u00a0Qsa\u00fade\u00a0s\u00e3o da reconhecida e respeitada\u00a0Equipe Einstein.\u00a0\u00a0<\/li>\n<\/ul>\n\n\n\n<ul class=\"wp-block-list\">\n<li><strong>Plano\u00a0<\/strong><strong>C<\/strong><strong>uidado<\/strong>\u00a0\u2013 um plano personalizado, criado para cada cliente, com base na\u00a0avalia\u00e7\u00e3o\u00a0realizada pelo\u00a0M\u00e9dico de\u00a0Fam\u00edlia e nas respostas do Question\u00e1rio de Sa\u00fade, para preven\u00e7\u00e3o de doen\u00e7as e manuten\u00e7\u00e3o\u00a0da sa\u00fade.\u00a0<\/li>\n<\/ul>\n\n\n\n<ul class=\"wp-block-list\">\n<li><strong>Qcuidado<\/strong>\u00a0\u2013 por meio de um bot\u00e3o no\u00a0aplicativo\u00a0Qsa\u00fade\u00a0\u00e9 poss\u00edvel ser atendido por um\u00a0grupo\u00a0m\u00e9dico\u00a0multidisciplinar\u00a0da Equipe Einstein, que\u00a0acolhe e orienta, a qualquer momento, de acordo com cada caso e sempre que\u00a0for necess\u00e1rio.\u00a0<\/li>\n<\/ul>\n\n\n\n<ul class=\"wp-block-list\">\n<li><strong>Guia Q\u00a0da\u00a0Sa\u00fade\u00a0<\/strong>&#8211;\u00a0pelo\u00a0aplicativo, enfermeiros e t\u00e9cnicos de enfermagem qualificados, com forma\u00e7\u00e3o em coaching e bem-estar,\u00a0acompanham\u00a0o paciente durante toda sua jornada m\u00e9dica, em todos os n\u00edveis de complexidade. Eles esclarecem\u00a0d\u00favidas ligadas \u00e0 sa\u00fade e\u00a0orientam\u00a0com dicas de mudan\u00e7as comportamentais para h\u00e1bitos de vida saud\u00e1vel, recomenda\u00e7\u00f5es e tratamentos m\u00e9dicos.\u00a0<\/li>\n<\/ul>\n\n\n\n<ul class=\"wp-block-list\">\n<li><strong>Prontu\u00e1rio integrado\u00a0<\/strong>\u2013 as informa\u00e7\u00f5es e o hist\u00f3rico de cada paciente s\u00e3o acess\u00edveis a todos os m\u00e9dicos\u00a0do plano, garantindo o hist\u00f3rico completo sobre\u00a0seu\u00a0estado de sa\u00fade, de maneira \u00e1gil e r\u00e1pida.\u00a0<\/li>\n<\/ul>\n\n\n\n<ul class=\"wp-block-list\">\n<li><strong>Contrata\u00e7\u00e3o simples\u00a0<\/strong>\u2013 o cliente n\u00e3o precisa estar vinculado a uma empresa, sindicato ou outra entidade. E\u00a0o melhor: com zero\u00a0burocracia.\u00a0<\/li>\n<\/ul>\n\n\n\n<ul class=\"wp-block-list\">\n<li><strong>Os melhores parceiros \u2013<\/strong>\u00a0clientes\u00a0Qsa\u00fade\u00a0tem acesso a parceiros de alt\u00edssimo n\u00edvel, nomes conceituados e respeitados na \u00e1rea m\u00e9dica:\u00a0Hospital Albert Einstein, Cl\u00ednica Einstein, Hospital Alem\u00e3o Oswaldo Cruz, Hospital de Olhos, Hospital e Maternidade Santa Maria e outros, al\u00e9m dos laborat\u00f3rios Delboni, Lavoisier e Salom\u00e3o\u00a0Zoppi.\u00a0<\/li>\n<\/ul>\n\n<p>&nbsp;<\/p>\t\t\t\t\t\t\t\t<\/div>\n\t\t\t\t<\/div>\n\t\t\t\t<div class=\"elementor-element elementor-element-ad9a877 elementor-widget elementor-widget-heading\" data-id=\"ad9a877\" data-element_type=\"widget\" data-e-type=\"widget\" data-widget_type=\"heading.default\">\n\t\t\t\t<div class=\"elementor-widget-container\">\n\t\t\t\t\t<h2 class=\"elementor-heading-title elementor-size-default\">Como identificar planos de sa\u00fade confi\u00e1veis?<\/h2>\t\t\t\t<\/div>\n\t\t\t\t<\/div>\n\t\t\t\t<div class=\"elementor-element elementor-element-36255a78 elementor-widget elementor-widget-text-editor\" data-id=\"36255a78\" data-element_type=\"widget\" data-e-type=\"widget\" data-widget_type=\"text-editor.default\">\n\t\t\t\t<div class=\"elementor-widget-container\">\n\t\t\t\t\t\t\t\t\t\n<p style=\"text-align:justify;\">Verifique sempre quem faz parte da cria\u00e7\u00e3o e gest\u00e3o da empresa. A Qsa\u00fade, por exemplo, foi\u00a0criada por\u00a0<a href=\"https:\/\/einvestidor.estadao.com.br\/mercado\/jose-seripieri-jr-ex-qualicorp-qsaude#:~:text=Empres%C3%A1rio%20lan%C3%A7ou%20a%20Qsa%C3%BAde%2C%20sua%20nova%20empresa%20de%20planos%20de%20sa%C3%BAde&amp;text=Jos%C3%A9%20Seripieri%20Junior%20tem%20sua,Qsa%C3%BAde%20neste%20domingo%20(18).\" target=\"_blank\" rel=\"noreferrer noopener\">Jos\u00e9\u00a0Seripieri\u00a0Jr., fundador e ex-presidente da\u00a0Qualicorp,<\/a>\u00a0uma das mais reconhecidas\u00a0empresas\u00a0de planos de sa\u00fade corporativos\u00a0do Brasil.<\/p>\n\n\n\n<p style=\"text-align:justify;\">Um outro fator a ser considerado \u00e9 a rede de atendimento. Quanto maior a rede pr\u00f3pria, mais dependente do plano de sa\u00fade voc\u00ea fica.<\/p>\n\n\n\n<p style=\"text-align:justify;\">Se voc\u00ea se interessou e quer conhecer mais sobre o\u00a0Qsa\u00fade, seja s\u00f3 para voc\u00ea ou tamb\u00e9m para a sua fam\u00edlia,\u00a0<a href=\"https:\/\/www.pryorglobal.com\/en\/pryor-insurance\/\" target=\"_blank\" rel=\"noreferrer noopener\">fale com um de nossos especialistas.<\/a>\u00a0<\/p>\n\t\t\t\t\t\t\t\t<\/div>\n\t\t\t\t<\/div>\n\t\t\t\t\t<\/div>\n\t\t<\/div>\n\t\t\t\t\t<\/div>\n\t\t<\/section>\n\t\t\t\t<\/div>","protected":false},"excerpt":{"rendered":"<p>Os planos de sa\u00fade particulares\u00a0come\u00e7aram\u00a0a atrair a aten\u00e7\u00e3o do brasileiro em meio \u00e0 pandemia do\u00a0coronav\u00edrus e o caos na sa\u00fade\u00a0p\u00fablica. N\u00e3o depender do Sistema \u00danico de Sa\u00fade\u00a0(SUS) e\u00a0ter um atendimento mais r\u00e1pido, em instala\u00e7\u00f5es com melhores\u00a0condi\u00e7\u00f5es, passaram a ser grandes atrativos. Por\u00e9m\u00a0os valores\u00a0elevados da maioria dos planos\u00a0pesam do outro lado da balan\u00e7a. Atenta\u00a0a\u00a0este cen\u00e1rio,\u00a0uma empresa [&hellip;]<\/p>\n","protected":false},"author":10,"featured_media":3963,"comment_status":"open","ping_status":"closed","sticky":false,"template":"","format":"standard","meta":{"footnotes":""},"categories":[20],"tags":[206,205,204,203,55],"class_list":["post-3948","post","type-post","status-publish","format-standard","has-post-thumbnail","hentry","category-gestao-de-beneficios-e-seguros-corporativos","tag-medico-de-familia","tag-plano-de-saude-individual","tag-planos-de-saude","tag-qsaude","tag-reajuste-dos-planos-de-saude"],"yoast_head":"<!-- This site is optimized with the Yoast SEO plugin v27.4 - https:\/\/yoast.com\/product\/yoast-seo-wordpress\/ -->\n<title>Qsa\u00fade: entre os planos de sa\u00fade, o mais barato e o melhor!<\/title>\n<meta name=\"description\" content=\"Os planos de sa\u00fade est\u00e3o mudando. Leia a mat\u00e9ria e conhe\u00e7a um plano mais barato e com muitas vantagens para o seu cuidado e de sua fam\u00edlia.\" \/>\n<meta name=\"robots\" content=\"index, follow, max-snippet:-1, max-image-preview:large, max-video-preview:-1\" \/>\n<link rel=\"canonical\" href=\"https:\/\/www.pryorglobal.com\/en\/novos-planos-de-saude-para-novos-tempos\/\" \/>\n<meta property=\"og:locale\" content=\"en_US\" \/>\n<meta property=\"og:type\" content=\"article\" \/>\n<meta property=\"og:title\" content=\"Qsa\u00fade: entre os planos de sa\u00fade, o mais barato e o melhor!\" \/>\n<meta property=\"og:description\" content=\"Os planos de sa\u00fade est\u00e3o mudando. Leia a mat\u00e9ria e conhe\u00e7a um plano mais barato e com muitas vantagens para o seu cuidado e de sua fam\u00edlia.\" \/>\n<meta property=\"og:url\" content=\"https:\/\/www.pryorglobal.com\/en\/novos-planos-de-saude-para-novos-tempos\/\" \/>\n<meta property=\"og:site_name\" content=\"Pryor Global\" \/>\n<meta property=\"article:publisher\" content=\"https:\/\/www.facebook.com\/pryorglobal.oficial\/\" \/>\n<meta property=\"article:published_time\" content=\"2021-03-05T09:00:59+00:00\" \/>\n<meta property=\"article:modified_time\" content=\"2021-03-08T15:13:17+00:00\" \/>\n<meta property=\"og:image\" content=\"https:\/\/www.pryorglobal.com\/wp-content\/uploads\/2021\/03\/Blog-16-\u2013-20-Sau\u0301de_2-3-01.jpg\" \/>\n\t<meta property=\"og:image:width\" content=\"340\" \/>\n\t<meta property=\"og:image:height\" content=\"228\" \/>\n\t<meta property=\"og:image:type\" content=\"image\/jpeg\" \/>\n<meta name=\"author\" content=\"prylocawp23 prylocawp23\" \/>\n<meta name=\"twitter:card\" content=\"summary_large_image\" \/>\n<meta name=\"twitter:label1\" content=\"Written by\" \/>\n\t<meta name=\"twitter:data1\" content=\"prylocawp23 prylocawp23\" \/>\n\t<meta name=\"twitter:label2\" content=\"Est. reading time\" \/>\n\t<meta name=\"twitter:data2\" content=\"5 minutes\" \/>\n<script type=\"application\/ld+json\" class=\"yoast-schema-graph\">{\"@context\":\"https:\\\/\\\/schema.org\",\"@graph\":[{\"@type\":\"Article\",\"@id\":\"https:\\\/\\\/www.pryorglobal.com\\\/novos-planos-de-saude-para-novos-tempos\\\/#article\",\"isPartOf\":{\"@id\":\"https:\\\/\\\/www.pryorglobal.com\\\/novos-planos-de-saude-para-novos-tempos\\\/\"},\"author\":{\"name\":\"prylocawp23 prylocawp23\",\"@id\":\"https:\\\/\\\/www.pryorglobal.com\\\/#\\\/schema\\\/person\\\/01971d5e12373439a945513cb647a0b9\"},\"headline\":\"Novos planos de sa\u00fade para novos tempos\",\"datePublished\":\"2021-03-05T09:00:59+00:00\",\"dateModified\":\"2021-03-08T15:13:17+00:00\",\"mainEntityOfPage\":{\"@id\":\"https:\\\/\\\/www.pryorglobal.com\\\/novos-planos-de-saude-para-novos-tempos\\\/\"},\"wordCount\":1167,\"commentCount\":0,\"publisher\":{\"@id\":\"https:\\\/\\\/www.pryorglobal.com\\\/#organization\"},\"image\":{\"@id\":\"https:\\\/\\\/www.pryorglobal.com\\\/novos-planos-de-saude-para-novos-tempos\\\/#primaryimage\"},\"thumbnailUrl\":\"https:\\\/\\\/www.pryorglobal.com\\\/wp-content\\\/uploads\\\/2021\\\/03\\\/Blog-16-\u2013-20-Sau\u0301de_2-3-01.jpg\",\"keywords\":[\"m\u00e9dico de fam\u00edlia\",\"plano de sa\u00fade individual\",\"planos de sa\u00fade\",\"Qsa\u00fade\",\"reajuste dos planos de sa\u00fade\"],\"articleSection\":[\"Gest\u00e3o de benef\u00edcios e seguros corporativos\"],\"inLanguage\":\"en-US\",\"potentialAction\":[{\"@type\":\"CommentAction\",\"name\":\"Comment\",\"target\":[\"https:\\\/\\\/www.pryorglobal.com\\\/novos-planos-de-saude-para-novos-tempos\\\/#respond\"]}]},{\"@type\":\"WebPage\",\"@id\":\"https:\\\/\\\/www.pryorglobal.com\\\/novos-planos-de-saude-para-novos-tempos\\\/\",\"url\":\"https:\\\/\\\/www.pryorglobal.com\\\/novos-planos-de-saude-para-novos-tempos\\\/\",\"name\":\"Qsa\u00fade: entre os planos de sa\u00fade, o mais barato e o melhor!\",\"isPartOf\":{\"@id\":\"https:\\\/\\\/www.pryorglobal.com\\\/#website\"},\"primaryImageOfPage\":{\"@id\":\"https:\\\/\\\/www.pryorglobal.com\\\/novos-planos-de-saude-para-novos-tempos\\\/#primaryimage\"},\"image\":{\"@id\":\"https:\\\/\\\/www.pryorglobal.com\\\/novos-planos-de-saude-para-novos-tempos\\\/#primaryimage\"},\"thumbnailUrl\":\"https:\\\/\\\/www.pryorglobal.com\\\/wp-content\\\/uploads\\\/2021\\\/03\\\/Blog-16-\u2013-20-Sau\u0301de_2-3-01.jpg\",\"datePublished\":\"2021-03-05T09:00:59+00:00\",\"dateModified\":\"2021-03-08T15:13:17+00:00\",\"description\":\"Os planos de sa\u00fade est\u00e3o mudando. Leia a mat\u00e9ria e conhe\u00e7a um plano mais barato e com muitas vantagens para o seu cuidado e de sua fam\u00edlia.\",\"breadcrumb\":{\"@id\":\"https:\\\/\\\/www.pryorglobal.com\\\/novos-planos-de-saude-para-novos-tempos\\\/#breadcrumb\"},\"inLanguage\":\"en-US\",\"potentialAction\":[{\"@type\":\"ReadAction\",\"target\":[\"https:\\\/\\\/www.pryorglobal.com\\\/novos-planos-de-saude-para-novos-tempos\\\/\"]}]},{\"@type\":\"ImageObject\",\"inLanguage\":\"en-US\",\"@id\":\"https:\\\/\\\/www.pryorglobal.com\\\/novos-planos-de-saude-para-novos-tempos\\\/#primaryimage\",\"url\":\"https:\\\/\\\/www.pryorglobal.com\\\/wp-content\\\/uploads\\\/2021\\\/03\\\/Blog-16-\u2013-20-Sau\u0301de_2-3-01.jpg\",\"contentUrl\":\"https:\\\/\\\/www.pryorglobal.com\\\/wp-content\\\/uploads\\\/2021\\\/03\\\/Blog-16-\u2013-20-Sau\u0301de_2-3-01.jpg\",\"width\":340,\"height\":228},{\"@type\":\"BreadcrumbList\",\"@id\":\"https:\\\/\\\/www.pryorglobal.com\\\/novos-planos-de-saude-para-novos-tempos\\\/#breadcrumb\",\"itemListElement\":[{\"@type\":\"ListItem\",\"position\":1,\"name\":\"In\u00edcio\",\"item\":\"https:\\\/\\\/www.pryorglobal.com\\\/\"},{\"@type\":\"ListItem\",\"position\":2,\"name\":\"Novos planos de sa\u00fade para novos tempos\"}]},{\"@type\":\"WebSite\",\"@id\":\"https:\\\/\\\/www.pryorglobal.com\\\/#website\",\"url\":\"https:\\\/\\\/www.pryorglobal.com\\\/\",\"name\":\"Pryor Global\",\"description\":\"\",\"publisher\":{\"@id\":\"https:\\\/\\\/www.pryorglobal.com\\\/#organization\"},\"potentialAction\":[{\"@type\":\"SearchAction\",\"target\":{\"@type\":\"EntryPoint\",\"urlTemplate\":\"https:\\\/\\\/www.pryorglobal.com\\\/?s={search_term_string}\"},\"query-input\":{\"@type\":\"PropertyValueSpecification\",\"valueRequired\":true,\"valueName\":\"search_term_string\"}}],\"inLanguage\":\"en-US\"},{\"@type\":\"Organization\",\"@id\":\"https:\\\/\\\/www.pryorglobal.com\\\/#organization\",\"name\":\"Pryor Global\",\"url\":\"https:\\\/\\\/www.pryorglobal.com\\\/\",\"logo\":{\"@type\":\"ImageObject\",\"inLanguage\":\"en-US\",\"@id\":\"https:\\\/\\\/www.pryorglobal.com\\\/#\\\/schema\\\/logo\\\/image\\\/\",\"url\":\"https:\\\/\\\/www.pryorglobal.com\\\/wp-content\\\/uploads\\\/2024\\\/09\\\/logo_pryor.svg\",\"contentUrl\":\"https:\\\/\\\/www.pryorglobal.com\\\/wp-content\\\/uploads\\\/2024\\\/09\\\/logo_pryor.svg\",\"caption\":\"Pryor Global\"},\"image\":{\"@id\":\"https:\\\/\\\/www.pryorglobal.com\\\/#\\\/schema\\\/logo\\\/image\\\/\"},\"sameAs\":[\"https:\\\/\\\/www.facebook.com\\\/pryorglobal.oficial\\\/\",\"https:\\\/\\\/www.instagram.com\\\/pryorglobal\\\/\",\"https:\\\/\\\/www.linkedin.com\\\/company\\\/pryorglobal\\\/\"]},{\"@type\":\"Person\",\"@id\":\"https:\\\/\\\/www.pryorglobal.com\\\/#\\\/schema\\\/person\\\/01971d5e12373439a945513cb647a0b9\",\"name\":\"prylocawp23 prylocawp23\",\"image\":{\"@type\":\"ImageObject\",\"inLanguage\":\"en-US\",\"@id\":\"https:\\\/\\\/secure.gravatar.com\\\/avatar\\\/de81a7a6ba6373eebbbc0ff939a766f2d8e173366b4612cbbb9b4c37c24b540b?s=96&d=mm&r=g\",\"url\":\"https:\\\/\\\/secure.gravatar.com\\\/avatar\\\/de81a7a6ba6373eebbbc0ff939a766f2d8e173366b4612cbbb9b4c37c24b540b?s=96&d=mm&r=g\",\"contentUrl\":\"https:\\\/\\\/secure.gravatar.com\\\/avatar\\\/de81a7a6ba6373eebbbc0ff939a766f2d8e173366b4612cbbb9b4c37c24b540b?s=96&d=mm&r=g\",\"caption\":\"prylocawp23 prylocawp23\"}}]}<\/script>\n<!-- \/ Yoast SEO plugin. -->","yoast_head_json":{"title":"Qsa\u00fade: entre os planos de sa\u00fade, o mais barato e o melhor!","description":"Os planos de sa\u00fade est\u00e3o mudando. Leia a mat\u00e9ria e conhe\u00e7a um plano mais barato e com muitas vantagens para o seu cuidado e de sua fam\u00edlia.","robots":{"index":"index","follow":"follow","max-snippet":"max-snippet:-1","max-image-preview":"max-image-preview:large","max-video-preview":"max-video-preview:-1"},"canonical":"https:\/\/www.pryorglobal.com\/en\/novos-planos-de-saude-para-novos-tempos\/","og_locale":"en_US","og_type":"article","og_title":"Qsa\u00fade: entre os planos de sa\u00fade, o mais barato e o melhor!","og_description":"Os planos de sa\u00fade est\u00e3o mudando. Leia a mat\u00e9ria e conhe\u00e7a um plano mais barato e com muitas vantagens para o seu cuidado e de sua fam\u00edlia.","og_url":"https:\/\/www.pryorglobal.com\/en\/novos-planos-de-saude-para-novos-tempos\/","og_site_name":"Pryor Global","article_publisher":"https:\/\/www.facebook.com\/pryorglobal.oficial\/","article_published_time":"2021-03-05T09:00:59+00:00","article_modified_time":"2021-03-08T15:13:17+00:00","og_image":[{"width":340,"height":228,"url":"https:\/\/www.pryorglobal.com\/wp-content\/uploads\/2021\/03\/Blog-16-\u2013-20-Sau\u0301de_2-3-01.jpg","type":"image\/jpeg"}],"author":"prylocawp23 prylocawp23","twitter_card":"summary_large_image","twitter_misc":{"Written by":"prylocawp23 prylocawp23","Est. reading time":"5 minutes"},"schema":{"@context":"https:\/\/schema.org","@graph":[{"@type":"Article","@id":"https:\/\/www.pryorglobal.com\/novos-planos-de-saude-para-novos-tempos\/#article","isPartOf":{"@id":"https:\/\/www.pryorglobal.com\/novos-planos-de-saude-para-novos-tempos\/"},"author":{"name":"prylocawp23 prylocawp23","@id":"https:\/\/www.pryorglobal.com\/#\/schema\/person\/01971d5e12373439a945513cb647a0b9"},"headline":"Novos planos de sa\u00fade para novos tempos","datePublished":"2021-03-05T09:00:59+00:00","dateModified":"2021-03-08T15:13:17+00:00","mainEntityOfPage":{"@id":"https:\/\/www.pryorglobal.com\/novos-planos-de-saude-para-novos-tempos\/"},"wordCount":1167,"commentCount":0,"publisher":{"@id":"https:\/\/www.pryorglobal.com\/#organization"},"image":{"@id":"https:\/\/www.pryorglobal.com\/novos-planos-de-saude-para-novos-tempos\/#primaryimage"},"thumbnailUrl":"https:\/\/www.pryorglobal.com\/wp-content\/uploads\/2021\/03\/Blog-16-\u2013-20-Sau\u0301de_2-3-01.jpg","keywords":["m\u00e9dico de fam\u00edlia","plano de sa\u00fade individual","planos de sa\u00fade","Qsa\u00fade","reajuste dos planos de sa\u00fade"],"articleSection":["Gest\u00e3o de benef\u00edcios e seguros corporativos"],"inLanguage":"en-US","potentialAction":[{"@type":"CommentAction","name":"Comment","target":["https:\/\/www.pryorglobal.com\/novos-planos-de-saude-para-novos-tempos\/#respond"]}]},{"@type":"WebPage","@id":"https:\/\/www.pryorglobal.com\/novos-planos-de-saude-para-novos-tempos\/","url":"https:\/\/www.pryorglobal.com\/novos-planos-de-saude-para-novos-tempos\/","name":"Qsa\u00fade: entre os planos de sa\u00fade, o mais barato e o melhor!","isPartOf":{"@id":"https:\/\/www.pryorglobal.com\/#website"},"primaryImageOfPage":{"@id":"https:\/\/www.pryorglobal.com\/novos-planos-de-saude-para-novos-tempos\/#primaryimage"},"image":{"@id":"https:\/\/www.pryorglobal.com\/novos-planos-de-saude-para-novos-tempos\/#primaryimage"},"thumbnailUrl":"https:\/\/www.pryorglobal.com\/wp-content\/uploads\/2021\/03\/Blog-16-\u2013-20-Sau\u0301de_2-3-01.jpg","datePublished":"2021-03-05T09:00:59+00:00","dateModified":"2021-03-08T15:13:17+00:00","description":"Os planos de sa\u00fade est\u00e3o mudando. Leia a mat\u00e9ria e conhe\u00e7a um plano mais barato e com muitas vantagens para o seu cuidado e de sua fam\u00edlia.","breadcrumb":{"@id":"https:\/\/www.pryorglobal.com\/novos-planos-de-saude-para-novos-tempos\/#breadcrumb"},"inLanguage":"en-US","potentialAction":[{"@type":"ReadAction","target":["https:\/\/www.pryorglobal.com\/novos-planos-de-saude-para-novos-tempos\/"]}]},{"@type":"ImageObject","inLanguage":"en-US","@id":"https:\/\/www.pryorglobal.com\/novos-planos-de-saude-para-novos-tempos\/#primaryimage","url":"https:\/\/www.pryorglobal.com\/wp-content\/uploads\/2021\/03\/Blog-16-\u2013-20-Sau\u0301de_2-3-01.jpg","contentUrl":"https:\/\/www.pryorglobal.com\/wp-content\/uploads\/2021\/03\/Blog-16-\u2013-20-Sau\u0301de_2-3-01.jpg","width":340,"height":228},{"@type":"BreadcrumbList","@id":"https:\/\/www.pryorglobal.com\/novos-planos-de-saude-para-novos-tempos\/#breadcrumb","itemListElement":[{"@type":"ListItem","position":1,"name":"In\u00edcio","item":"https:\/\/www.pryorglobal.com\/"},{"@type":"ListItem","position":2,"name":"Novos planos de sa\u00fade para novos tempos"}]},{"@type":"WebSite","@id":"https:\/\/www.pryorglobal.com\/#website","url":"https:\/\/www.pryorglobal.com\/","name":"Pryor Global","description":"","publisher":{"@id":"https:\/\/www.pryorglobal.com\/#organization"},"potentialAction":[{"@type":"SearchAction","target":{"@type":"EntryPoint","urlTemplate":"https:\/\/www.pryorglobal.com\/?s={search_term_string}"},"query-input":{"@type":"PropertyValueSpecification","valueRequired":true,"valueName":"search_term_string"}}],"inLanguage":"en-US"},{"@type":"Organization","@id":"https:\/\/www.pryorglobal.com\/#organization","name":"Pryor Global","url":"https:\/\/www.pryorglobal.com\/","logo":{"@type":"ImageObject","inLanguage":"en-US","@id":"https:\/\/www.pryorglobal.com\/#\/schema\/logo\/image\/","url":"https:\/\/www.pryorglobal.com\/wp-content\/uploads\/2024\/09\/logo_pryor.svg","contentUrl":"https:\/\/www.pryorglobal.com\/wp-content\/uploads\/2024\/09\/logo_pryor.svg","caption":"Pryor Global"},"image":{"@id":"https:\/\/www.pryorglobal.com\/#\/schema\/logo\/image\/"},"sameAs":["https:\/\/www.facebook.com\/pryorglobal.oficial\/","https:\/\/www.instagram.com\/pryorglobal\/","https:\/\/www.linkedin.com\/company\/pryorglobal\/"]},{"@type":"Person","@id":"https:\/\/www.pryorglobal.com\/#\/schema\/person\/01971d5e12373439a945513cb647a0b9","name":"prylocawp23 prylocawp23","image":{"@type":"ImageObject","inLanguage":"en-US","@id":"https:\/\/secure.gravatar.com\/avatar\/de81a7a6ba6373eebbbc0ff939a766f2d8e173366b4612cbbb9b4c37c24b540b?s=96&d=mm&r=g","url":"https:\/\/secure.gravatar.com\/avatar\/de81a7a6ba6373eebbbc0ff939a766f2d8e173366b4612cbbb9b4c37c24b540b?s=96&d=mm&r=g","contentUrl":"https:\/\/secure.gravatar.com\/avatar\/de81a7a6ba6373eebbbc0ff939a766f2d8e173366b4612cbbb9b4c37c24b540b?s=96&d=mm&r=g","caption":"prylocawp23 prylocawp23"}}]}},"_links":{"self":[{"href":"https:\/\/www.pryorglobal.com\/en\/wp-json\/wp\/v2\/posts\/3948","targetHints":{"allow":["GET"]}}],"collection":[{"href":"https:\/\/www.pryorglobal.com\/en\/wp-json\/wp\/v2\/posts"}],"about":[{"href":"https:\/\/www.pryorglobal.com\/en\/wp-json\/wp\/v2\/types\/post"}],"author":[{"embeddable":true,"href":"https:\/\/www.pryorglobal.com\/en\/wp-json\/wp\/v2\/users\/10"}],"replies":[{"embeddable":true,"href":"https:\/\/www.pryorglobal.com\/en\/wp-json\/wp\/v2\/comments?post=3948"}],"version-history":[{"count":0,"href":"https:\/\/www.pryorglobal.com\/en\/wp-json\/wp\/v2\/posts\/3948\/revisions"}],"wp:featuredmedia":[{"embeddable":true,"href":"https:\/\/www.pryorglobal.com\/en\/wp-json\/wp\/v2\/media\/3963"}],"wp:attachment":[{"href":"https:\/\/www.pryorglobal.com\/en\/wp-json\/wp\/v2\/media?parent=3948"}],"wp:term":[{"taxonomy":"category","embeddable":true,"href":"https:\/\/www.pryorglobal.com\/en\/wp-json\/wp\/v2\/categories?post=3948"},{"taxonomy":"post_tag","embeddable":true,"href":"https:\/\/www.pryorglobal.com\/en\/wp-json\/wp\/v2\/tags?post=3948"}],"curies":[{"name":"wp","href":"https:\/\/api.w.org\/{rel}","templated":true}]}}