{"id":2510,"date":"2021-01-14T10:00:01","date_gmt":"2021-01-14T10:00:01","guid":{"rendered":"https:\/\/pryorglobal.com\/?p=2510"},"modified":"2021-01-15T17:13:18","modified_gmt":"2021-01-15T17:13:18","slug":"as-vacinas-entram-no-debate-juridico","status":"publish","type":"post","link":"https:\/\/www.pryorglobal.com\/en\/as-vacinas-entram-no-debate-juridico\/","title":{"rendered":"As vacinas entram no debate jur\u00eddico"},"content":{"rendered":"<div data-elementor-type=\"wp-post\" data-elementor-id=\"2510\" class=\"elementor elementor-2510\" data-elementor-post-type=\"post\">\n\t\t\t\t\n\n\n<p  style=\"text-align:justify;\">A <a href=\"https:\/\/www.pryorglobal.com\/en\/pryor-consultores\/\">Pryor Consultores<\/a> faz parte desse ambiente sustent\u00e1vel e garante a seguran\u00e7a do processo de representa\u00e7\u00e3o legal aos empres\u00e1rios e advogados.<\/p>\n\t\t\t\t\t\t\t\t<\/div>\n\t\t\t\t<\/div>\n\t\t\t\t\t<\/div>\n\t\t<\/div>\n\t\t\t\t\t<\/div>\n\t\t<\/section>\n\t\t\n\n\n<p style=\"text-align:justify;\">Por\u00e9m, o Brasil enfrenta problemas mais amplos, como a <a href=\"https:\/\/agenciabrasil.ebc.com.br\/saude\/noticia\/2021-01\/covid-19-fiocruz-quer-contribuir-com-inicio-da-vacinacao-neste-mes\">falta de seringas e insumos<\/a> para que seja poss\u00edvel vacinar a popula\u00e7\u00e3o.<\/p>\n\n\t\t\t\t\t\t\t\t<\/div>\n\t\t\t\t<\/div>\n\t\t\t\t<div class=\"elementor-element elementor-element-f5597ce elementor-widget elementor-widget-image\" data-id=\"f5597ce\" data-element_type=\"widget\" data-e-type=\"widget\" data-widget_type=\"image.default\">\n\t\t\t\t<div class=\"elementor-widget-container\">\n\t\t\t\t\t\t\t\t\t\t\t\t\t\t\t<img fetchpriority=\"high\" decoding=\"async\" width=\"800\" height=\"279\" src=\"https:\/\/www.pryorglobal.com\/wp-content\/uploads\/2021\/01\/as-vacinas-entram-no-debate-juridico_img01.jpg\" class=\"attachment-large size-large wp-image-2848\" alt=\"\" srcset=\"https:\/\/www.pryorglobal.com\/wp-content\/uploads\/2021\/01\/as-vacinas-entram-no-debate-juridico_img01.jpg 860w, https:\/\/www.pryorglobal.com\/wp-content\/uploads\/2021\/01\/as-vacinas-entram-no-debate-juridico_img01-300x105.jpg 300w, https:\/\/www.pryorglobal.com\/wp-content\/uploads\/2021\/01\/as-vacinas-entram-no-debate-juridico_img01-768x268.jpg 768w, https:\/\/www.pryorglobal.com\/wp-content\/uploads\/2021\/01\/as-vacinas-entram-no-debate-juridico_img01-16x6.jpg 16w\" sizes=\"(max-width: 800px) 100vw, 800px\" \/>\t\t\t\t\t\t\t\t\t\t\t\t\t\t\t<\/div>\n\t\t\t\t<\/div>\n\t\t\t\t<div class=\"elementor-element elementor-element-9ff30ea elementor-widget elementor-widget-heading\" data-id=\"9ff30ea\" data-element_type=\"widget\" data-e-type=\"widget\" data-widget_type=\"heading.default\">\n\t\t\t\t<div class=\"elementor-widget-container\">\n\t\t\t\t\t<h2 class=\"elementor-heading-title elementor-size-default\">Os investidores estrangeiros e a expectativa com a vacina\u00e7\u00e3o brasileira<\/h2>\t\t\t\t<\/div>\n\t\t\t\t<\/div>\n\t\t\t\t<div class=\"elementor-element elementor-element-d2fd6ed elementor-widget elementor-widget-text-editor\" data-id=\"d2fd6ed\" data-element_type=\"widget\" data-e-type=\"widget\" data-widget_type=\"text-editor.default\">\n\t\t\t\t<div class=\"elementor-widget-container\">\n\t\t\t\t\t\t\t\t\t\n<p style=\"text-align:justify;\">O cen\u00e1rio \u00e9 otimista para muitos investidores, pois o fim do ano de 2020 j\u00e1 era marcado pela certeza das campanhas de vacina\u00e7\u00e3o mundiais em 2021.<\/p>\n\n\n\n<p  style=\"text-align:justify;\">Entretanto, a corre\u00e7\u00e3o de pre\u00e7os e oscila\u00e7\u00e3o dos investimentos est\u00e1 diretamente ligada \u00e0 resposta imunol\u00f3gica da popula\u00e7\u00e3o \u00e0s vacinas.<\/p>\n\n\n\n<p  style=\"text-align:justify;\">A <a href=\"https:\/\/einvestidor.estadao.com.br\/mercado\/bolsa-150-mil-impacto-vacinacao\/\">capacidade de produ\u00e7\u00e3o, distribui\u00e7\u00e3o e efeitos colaterais influenciam o pre\u00e7o dos ativos<\/a>, como afirma Jerson Zanlorenzi do BTG Pactual em reportagem ao Einvestidor do portal Estad\u00e3o.<\/p>\n\n\n\n<p  style=\"text-align:justify;\">A economia brasileira sofre justamente porque est\u00e1 um passo atr\u00e1s das economias mundiais.<\/p>\n\n\n\n<p  style=\"text-align:justify;\">Em contrapartida, os investidores de alto risco encontram em territ\u00f3rio brasileiro o ambiente ideal para fazer neg\u00f3cios.<\/p>\n\n\n\n<p  style=\"text-align:justify;\">The <a href=\"https:\/\/www.pryorglobal.com\/en\/escalada-do-dolar-e-os-investimentos-no-brasil\/\">Brasil est\u00e1 entre os principais fornecedores<\/a> mundiais de alimentos. Al\u00e9m disso, o <a href=\"https:\/\/www.pryorglobal.com\/en\/as-assinaturas-digitais-sao-seguras\/\">ambiente jur\u00eddico brasileiro est\u00e1 em transforma\u00e7\u00e3o<\/a>.<\/p>\n\n\n\n<p  style=\"text-align:justify;\">Sendo assim, estruturar um plano de vacina\u00e7\u00e3o amplo urgentemente tem influ\u00eancia direta na economia \u00e0 medida que apresenta perspectivas aos investidores estrangeiros, mas tamb\u00e9m traz sustentabilidade ao ambiente jur\u00eddico.<\/p>\n\n\n<!-- wp:paragraph -->\n<p  style=\"text-align:justify;\">A <a href=\"https:\/\/www.pryorglobal.com\/en\/pryor-consultores\/\">Pryor Consultores<\/a> faz parte desse ambiente sustent\u00e1vel e garante a seguran\u00e7a do processo de representa\u00e7\u00e3o legal aos empres\u00e1rios e advogados.<\/p>\n\t\t\t\t\t\t\t\t<\/div>\n\t\t\t\t<\/div>\n\t\t\t\t\t<\/div>\n\t\t<\/div>\n\t\t\t\t\t<\/div>\n\t\t<\/section>\n\t\t\t\t<section class=\"elementor-section elementor-top-section elementor-element elementor-element-67f8ac9a elementor-section-boxed elementor-section-height-default elementor-section-height-default\" data-id=\"67f8ac9a\" data-element_type=\"section\" data-e-type=\"section\">\n\t\t\t\t\t\t<div class=\"elementor-container elementor-column-gap-default\">\n\t\t\t\t\t<div class=\"elementor-column elementor-col-100 elementor-top-column elementor-element elementor-element-180cbf55\" data-id=\"180cbf55\" data-element_type=\"column\" data-e-type=\"column\">\n\t\t\t<div class=\"elementor-widget-wrap elementor-element-populated\">\n\t\t\t\t\t\t<div class=\"elementor-element elementor-element-feebe19 elementor-widget elementor-widget-image\" data-id=\"feebe19\" data-element_type=\"widget\" data-e-type=\"widget\" data-widget_type=\"image.default\">\n\t\t\t\t<div class=\"elementor-widget-container\">\n\t\t\t\t\t\t\t\t\t\t\t\t\t\t\t<img decoding=\"async\" width=\"800\" height=\"279\" src=\"https:\/\/www.pryorglobal.com\/wp-content\/uploads\/2021\/01\/as-vacinas-entram-no-debate-juridico_img02.jpg\" class=\"attachment-large size-large wp-image-2847\" alt=\"As Vacinas Entram No Debate Juridico\" srcset=\"https:\/\/www.pryorglobal.com\/wp-content\/uploads\/2021\/01\/as-vacinas-entram-no-debate-juridico_img02.jpg 860w, https:\/\/www.pryorglobal.com\/wp-content\/uploads\/2021\/01\/as-vacinas-entram-no-debate-juridico_img02-300x105.jpg 300w, https:\/\/www.pryorglobal.com\/wp-content\/uploads\/2021\/01\/as-vacinas-entram-no-debate-juridico_img02-768x268.jpg 768w, https:\/\/www.pryorglobal.com\/wp-content\/uploads\/2021\/01\/as-vacinas-entram-no-debate-juridico_img02-16x6.jpg 16w\" sizes=\"(max-width: 800px) 100vw, 800px\" \/>\t\t\t\t\t\t\t\t\t\t\t\t\t\t\t<\/div>\n\t\t\t\t<\/div>\n\t\t\t\t<div class=\"elementor-element elementor-element-4ecf17ca elementor-widget elementor-widget-text-editor\" data-id=\"4ecf17ca\" data-element_type=\"widget\" data-e-type=\"widget\" data-widget_type=\"text-editor.default\">\n\t\t\t\t<div class=\"elementor-widget-container\">\n\t\t\t\t\t\t\t\t\t\n<p style=\"text-align:justify;\">As cl\u00ednicas privadas querem negociar doses das vacinas para combate ao coronav\u00edrus. Esse movimento provoca um outro debate: a poss\u00edvel escassez do medicamento no sistema p\u00fablico de sa\u00fade. E os impactos v\u00e3o al\u00e9m.<\/p>\n\t\t\t\t\t\t\t\t<\/div>\n\t\t\t\t<\/div>\n\t\t\t\t<div class=\"elementor-element elementor-element-1842670 elementor-widget elementor-widget-heading\" data-id=\"1842670\" data-element_type=\"widget\" data-e-type=\"widget\" data-widget_type=\"heading.default\">\n\t\t\t\t<div class=\"elementor-widget-container\">\n\t\t\t\t\t<h1 class=\"elementor-heading-title elementor-size-default\">As vacinas podem ser distribu\u00eddas no setor privado?\n<\/h1>\t\t\t\t<\/div>\n\t\t\t\t<\/div>\n\t\t\t\t<div class=\"elementor-element elementor-element-f504298 elementor-widget elementor-widget-text-editor\" data-id=\"f504298\" data-element_type=\"widget\" data-e-type=\"widget\" data-widget_type=\"text-editor.default\">\n\t\t\t\t<div class=\"elementor-widget-container\">\n\t\t\t\t\t\t\t\t\t\n<p style=\"text-align:justify;>&#8220;As <a href=\"https:>cl\u00ednicas particulares t\u00eam o direito<\/a> de comprar as vacinas&#8221;, afirma Daniel de Ara\u00fajo Dourado, m\u00e9dico, advogado e pesquisador do Centro de Pesquisa em Direito Sanit\u00e1rio da USP \u00e0 Folha de S\u00e3o Paulo.<\/p>\n\n\n\n<p style=\"text-align:justify;>Entretanto, o especialista alerta que as autoridades podem requisitar administrativamente as vacinas adquiridas pelo setor privado no caso iminente de perigo p\u00fablico.<\/p><p style=\"text-align:justify;>A <a href=\"http:\/\/www.planalto.gov.br\/ccivil_03\/_ato2019-2022\/2020\/lei\/L14006.htm#art1\">Lei 14.006 de 2020<\/a> determina no artigo 3, \u00a7 7\u00ba-B: <em>&#8220;O m\u00e9dico que prescrever ou ministrar medicamento cuja importa\u00e7\u00e3o ou distribui\u00e7\u00e3o tenha sido autorizada na forma do inciso VIII do caput deste artigo dever\u00e1 informar ao paciente ou ao seu representante legal que o produto ainda n\u00e3o tem registro na Anvisa e foi liberado por ter sido registrado por autoridade sanit\u00e1ria estrangeira<\/em>.&#8221;<\/p>\n\n\n\n<p style=\"text-align:justify;>A partir dessa garantia, h\u00e1 duas vertentes. Primeiro, as autoridades sanit\u00e1rias internacionais n\u00e3o est\u00e3o plenamente sujeitas \u00e0 Anvisa, tampouco seus medicamentos.<\/p><p style=\"text-align:justify;>Por outro lado, as compras emergenciais das vacinas para uso no Sistema \u00danico de Sa\u00fade (SUS) dependem das diretrizes que o Minist\u00e9rio da Sa\u00fade ainda n\u00e3o definiu. Prova disso \u00e9 que alguns Estados da Federa\u00e7\u00e3o est\u00e3o seguindo protocolos independentes.<\/p>\n\n\n\n<p style=\"text-align:justify;>Consequentemente, o Brasil ter\u00e1 mais de um plano de vacina\u00e7\u00e3o, o que pode levar \u00e0 judicializa\u00e7\u00e3o das vacinas.<\/p><p style=\"text-align:justify;>Sendo assim, <a href=\"https:\/\/noticias.uol.com.br\/saude\/ultimas-noticias\/redacao\/2020\/12\/07\/coronavirus-covid-19-vacinacao-coronavac-sao-paulo-governo-federal-uniao.htm\">um brasileiro pode exigir que o Minist\u00e9rio da Sa\u00fade banque um imunizante de efic\u00e1cia superior<\/a> oferecido em outra regi\u00e3o do Brasil, afirma em reportagem ao UOL o advogado e diretor do Instituto Quest\u00e3o de Ci\u00eancia (IQC), Paulo Vitor Gomes de Almeida.<\/p>\n\n\n<!-- wp:paragraph -->\n<p style=\"text-align:justify;\">Por\u00e9m, o Brasil enfrenta problemas mais amplos, como a <a href=\"https:\/\/agenciabrasil.ebc.com.br\/saude\/noticia\/2021-01\/covid-19-fiocruz-quer-contribuir-com-inicio-da-vacinacao-neste-mes\">falta de seringas e insumos<\/a> para que seja poss\u00edvel vacinar a popula\u00e7\u00e3o.<\/p>\n\n\t\t\t\t\t\t\t\t<\/div>\n\t\t\t\t<\/div>\n\t\t\t\t<div class=\"elementor-element elementor-element-f5597ce elementor-widget elementor-widget-image\" data-id=\"f5597ce\" data-element_type=\"widget\" data-e-type=\"widget\" data-widget_type=\"image.default\">\n\t\t\t\t<div class=\"elementor-widget-container\">\n\t\t\t\t\t\t\t\t\t\t\t\t\t\t\t<img fetchpriority=\"high\" decoding=\"async\" width=\"800\" height=\"279\" src=\"https:\/\/www.pryorglobal.com\/wp-content\/uploads\/2021\/01\/as-vacinas-entram-no-debate-juridico_img01.jpg\" class=\"attachment-large size-large wp-image-2848\" alt=\"\" srcset=\"https:\/\/www.pryorglobal.com\/wp-content\/uploads\/2021\/01\/as-vacinas-entram-no-debate-juridico_img01.jpg 860w, https:\/\/www.pryorglobal.com\/wp-content\/uploads\/2021\/01\/as-vacinas-entram-no-debate-juridico_img01-300x105.jpg 300w, https:\/\/www.pryorglobal.com\/wp-content\/uploads\/2021\/01\/as-vacinas-entram-no-debate-juridico_img01-768x268.jpg 768w, https:\/\/www.pryorglobal.com\/wp-content\/uploads\/2021\/01\/as-vacinas-entram-no-debate-juridico_img01-16x6.jpg 16w\" sizes=\"(max-width: 800px) 100vw, 800px\" \/>\t\t\t\t\t\t\t\t\t\t\t\t\t\t\t<\/div>\n\t\t\t\t<\/div>\n\t\t\t\t<div class=\"elementor-element elementor-element-9ff30ea elementor-widget elementor-widget-heading\" data-id=\"9ff30ea\" data-element_type=\"widget\" data-e-type=\"widget\" data-widget_type=\"heading.default\">\n\t\t\t\t<div class=\"elementor-widget-container\">\n\t\t\t\t\t<h2 class=\"elementor-heading-title elementor-size-default\">Os investidores estrangeiros e a expectativa com a vacina\u00e7\u00e3o brasileira<\/h2>\t\t\t\t<\/div>\n\t\t\t\t<\/div>\n\t\t\t\t<div class=\"elementor-element elementor-element-d2fd6ed elementor-widget elementor-widget-text-editor\" data-id=\"d2fd6ed\" data-element_type=\"widget\" data-e-type=\"widget\" data-widget_type=\"text-editor.default\">\n\t\t\t\t<div class=\"elementor-widget-container\">\n\t\t\t\t\t\t\t\t\t<!-- wp:paragraph -->\n<p style=\"text-align:justify;\">O cen\u00e1rio \u00e9 otimista para muitos investidores, pois o fim do ano de 2020 j\u00e1 era marcado pela certeza das campanhas de vacina\u00e7\u00e3o mundiais em 2021.<\/p>\n<!-- \/wp:paragraph -->\n\n<!-- wp:paragraph -->\n<p  style=\"text-align:justify;\">Entretanto, a corre\u00e7\u00e3o de pre\u00e7os e oscila\u00e7\u00e3o dos investimentos est\u00e1 diretamente ligada \u00e0 resposta imunol\u00f3gica da popula\u00e7\u00e3o \u00e0s vacinas.<\/p>\n<!-- \/wp:paragraph -->\n\n<!-- wp:paragraph -->\n<p  style=\"text-align:justify;\">A <a href=\"https:\/\/einvestidor.estadao.com.br\/mercado\/bolsa-150-mil-impacto-vacinacao\/\">capacidade de produ\u00e7\u00e3o, distribui\u00e7\u00e3o e efeitos colaterais influenciam o pre\u00e7o dos ativos<\/a>, como afirma Jerson Zanlorenzi do BTG Pactual em reportagem ao Einvestidor do portal Estad\u00e3o.<\/p>\n<!-- \/wp:paragraph -->\n\n<!-- wp:paragraph -->\n<p  style=\"text-align:justify;\">A economia brasileira sofre justamente porque est\u00e1 um passo atr\u00e1s das economias mundiais.<\/p>\n<!-- \/wp:paragraph -->\n\n<!-- wp:paragraph -->\n<p  style=\"text-align:justify;\">Em contrapartida, os investidores de alto risco encontram em territ\u00f3rio brasileiro o ambiente ideal para fazer neg\u00f3cios.<\/p>\n<!-- \/wp:paragraph -->\n\n<!-- wp:paragraph -->\n<p  style=\"text-align:justify;\">The <a href=\"https:\/\/www.pryorglobal.com\/en\/escalada-do-dolar-e-os-investimentos-no-brasil\/\">Brasil est\u00e1 entre os principais fornecedores<\/a> mundiais de alimentos. Al\u00e9m disso, o <a href=\"https:\/\/www.pryorglobal.com\/en\/as-assinaturas-digitais-sao-seguras\/\">ambiente jur\u00eddico brasileiro est\u00e1 em transforma\u00e7\u00e3o<\/a>.<\/p>\n<!-- \/wp:paragraph -->\n\n<!-- wp:paragraph -->\n<p  style=\"text-align:justify;\">Sendo assim, estruturar um plano de vacina\u00e7\u00e3o amplo urgentemente tem influ\u00eancia direta na economia \u00e0 medida que apresenta perspectivas aos investidores estrangeiros, mas tamb\u00e9m traz sustentabilidade ao ambiente jur\u00eddico.<\/p>\n<!-- \/wp:paragraph -->\n\n<!-- wp:paragraph -->\n<p  style=\"text-align:justify;\">A <a href=\"https:\/\/www.pryorglobal.com\/en\/pryor-consultores\/\">Pryor Consultores<\/a> faz parte desse ambiente sustent\u00e1vel e garante a seguran\u00e7a do processo de representa\u00e7\u00e3o legal aos empres\u00e1rios e advogados.<\/p>\n\t\t\t\t\t\t\t\t<\/div>\n\t\t\t\t<\/div>\n\t\t\t\t\t<\/div>\n\t\t<\/div>\n\t\t\t\t\t<\/div>\n\t\t<\/section>\n\t\t\t\t<\/div>","protected":false},"excerpt":{"rendered":"<p>Por\u00e9m, o Brasil enfrenta problemas mais amplos, como a falta de seringas e insumos para que seja poss\u00edvel vacinar a popula\u00e7\u00e3o. Os investidores estrangeiros e a expectativa com a vacina\u00e7\u00e3o brasileira O cen\u00e1rio \u00e9 otimista para muitos investidores, pois o fim do ano de 2020 j\u00e1 era marcado pela certeza das campanhas de vacina\u00e7\u00e3o mundiais [&hellip;]<\/p>\n","protected":false},"author":10,"featured_media":2845,"comment_status":"open","ping_status":"closed","sticky":false,"template":"","format":"standard","meta":{"footnotes":""},"categories":[18],"tags":[74,139,142,134,138,39,141,75,137,136,135,143,36,132,140,133],"class_list":["post-2510","post","type-post","status-publish","format-standard","has-post-thumbnail","hentry","category-representacao-de-empresas-estrangeiras","tag-advogados","tag-as-clinicas-privadas-podem-comprar-a-vacina-contra-o-coronavirus","tag-btg","tag-debate-juridico","tag-direito-sanitario","tag-escritorios-de-advocacia","tag-fazer-negocios","tag-investidores","tag-judicializacao-das-vacinas","tag-lei-14006-de-2020","tag-plano-de-vacinacao","tag-pryor-consultores","tag-representacao-legal","tag-sus","tag-vacinacao-coronavirus","tag-vacinas"],"yoast_head":"<!-- This site is optimized with the Yoast SEO plugin v27.4 - https:\/\/yoast.com\/product\/yoast-seo-wordpress\/ -->\n<title>As vacinas do coronav\u00edrus podem ser feitas nos setores p\u00fablico e privado<\/title>\n<meta name=\"description\" content=\"As vacinas podem ser requeridas pelo setor privado, mas o SUS tem prioridade e os brasileiros tamb\u00e9m podem pleitear a vacina mais eficaz.\" \/>\n<meta name=\"robots\" content=\"index, follow, max-snippet:-1, max-image-preview:large, max-video-preview:-1\" \/>\n<link rel=\"canonical\" href=\"https:\/\/www.pryorglobal.com\/en\/as-vacinas-entram-no-debate-juridico\/\" \/>\n<meta property=\"og:locale\" content=\"en_US\" \/>\n<meta property=\"og:type\" content=\"article\" \/>\n<meta property=\"og:title\" content=\"As vacinas do coronav\u00edrus podem ser feitas nos setores p\u00fablico e privado\" \/>\n<meta property=\"og:description\" content=\"As vacinas podem ser requeridas pelo setor privado, mas o SUS tem prioridade e os brasileiros tamb\u00e9m podem pleitear a vacina mais eficaz.\" \/>\n<meta property=\"og:url\" content=\"https:\/\/www.pryorglobal.com\/en\/as-vacinas-entram-no-debate-juridico\/\" \/>\n<meta property=\"og:site_name\" content=\"Pryor Global\" \/>\n<meta property=\"article:publisher\" content=\"https:\/\/www.facebook.com\/pryorglobal.oficial\/\" \/>\n<meta property=\"article:published_time\" content=\"2021-01-14T10:00:01+00:00\" \/>\n<meta property=\"article:modified_time\" content=\"2021-01-15T17:13:18+00:00\" \/>\n<meta property=\"og:image\" content=\"https:\/\/www.pryorglobal.com\/wp-content\/uploads\/2021\/01\/as-vacinas-entram-no-debate-juridico_img03.jpg\" \/>\n\t<meta property=\"og:image:width\" content=\"340\" \/>\n\t<meta property=\"og:image:height\" content=\"228\" \/>\n\t<meta property=\"og:image:type\" content=\"image\/jpeg\" \/>\n<meta name=\"author\" content=\"prylocawp23 prylocawp23\" \/>\n<meta name=\"twitter:card\" content=\"summary_large_image\" \/>\n<meta name=\"twitter:label1\" content=\"Written by\" \/>\n\t<meta name=\"twitter:data1\" content=\"prylocawp23 prylocawp23\" \/>\n\t<meta name=\"twitter:label2\" content=\"Est. reading time\" \/>\n\t<meta name=\"twitter:data2\" content=\"3 minutes\" \/>\n<script type=\"application\/ld+json\" class=\"yoast-schema-graph\">{\"@context\":\"https:\\\/\\\/schema.org\",\"@graph\":[{\"@type\":\"Article\",\"@id\":\"https:\\\/\\\/www.pryorglobal.com\\\/as-vacinas-entram-no-debate-juridico\\\/#article\",\"isPartOf\":{\"@id\":\"https:\\\/\\\/www.pryorglobal.com\\\/as-vacinas-entram-no-debate-juridico\\\/\"},\"author\":{\"name\":\"prylocawp23 prylocawp23\",\"@id\":\"https:\\\/\\\/www.pryorglobal.com\\\/#\\\/schema\\\/person\\\/01971d5e12373439a945513cb647a0b9\"},\"headline\":\"As vacinas entram no debate jur\u00eddico\",\"datePublished\":\"2021-01-14T10:00:01+00:00\",\"dateModified\":\"2021-01-15T17:13:18+00:00\",\"mainEntityOfPage\":{\"@id\":\"https:\\\/\\\/www.pryorglobal.com\\\/as-vacinas-entram-no-debate-juridico\\\/\"},\"wordCount\":56,\"commentCount\":0,\"publisher\":{\"@id\":\"https:\\\/\\\/www.pryorglobal.com\\\/#organization\"},\"image\":{\"@id\":\"https:\\\/\\\/www.pryorglobal.com\\\/as-vacinas-entram-no-debate-juridico\\\/#primaryimage\"},\"thumbnailUrl\":\"https:\\\/\\\/www.pryorglobal.com\\\/wp-content\\\/uploads\\\/2021\\\/01\\\/as-vacinas-entram-no-debate-juridico_img03.jpg\",\"keywords\":[\"advogados\",\"as cl\u00ednicas privadas podem comprar a vacina contra o coronav\u00edrus?\",\"BTG\",\"debate jur\u00eddico\",\"direito sanit\u00e1rio\",\"escrit\u00f3rios de advocacia\",\"fazer neg\u00f3cios\",\"investidores\",\"judicializa\u00e7\u00e3o das vacinas\",\"Lei 14006 de 2020\",\"plano de vacina\u00e7\u00e3o\",\"Pryor Consultores\",\"Representa\u00e7\u00e3o Legal\",\"SUS\",\"vacina\u00e7\u00e3o coronav\u00edrus\",\"vacinas\"],\"articleSection\":[\"Representa\u00e7\u00e3o de empresas estrangeiras\"],\"inLanguage\":\"en-US\",\"potentialAction\":[{\"@type\":\"CommentAction\",\"name\":\"Comment\",\"target\":[\"https:\\\/\\\/www.pryorglobal.com\\\/as-vacinas-entram-no-debate-juridico\\\/#respond\"]}]},{\"@type\":\"WebPage\",\"@id\":\"https:\\\/\\\/www.pryorglobal.com\\\/as-vacinas-entram-no-debate-juridico\\\/\",\"url\":\"https:\\\/\\\/www.pryorglobal.com\\\/as-vacinas-entram-no-debate-juridico\\\/\",\"name\":\"As vacinas do coronav\u00edrus podem ser feitas nos setores p\u00fablico e privado\",\"isPartOf\":{\"@id\":\"https:\\\/\\\/www.pryorglobal.com\\\/#website\"},\"primaryImageOfPage\":{\"@id\":\"https:\\\/\\\/www.pryorglobal.com\\\/as-vacinas-entram-no-debate-juridico\\\/#primaryimage\"},\"image\":{\"@id\":\"https:\\\/\\\/www.pryorglobal.com\\\/as-vacinas-entram-no-debate-juridico\\\/#primaryimage\"},\"thumbnailUrl\":\"https:\\\/\\\/www.pryorglobal.com\\\/wp-content\\\/uploads\\\/2021\\\/01\\\/as-vacinas-entram-no-debate-juridico_img03.jpg\",\"datePublished\":\"2021-01-14T10:00:01+00:00\",\"dateModified\":\"2021-01-15T17:13:18+00:00\",\"description\":\"As vacinas podem ser requeridas pelo setor privado, mas o SUS tem prioridade e os brasileiros tamb\u00e9m podem pleitear a vacina mais eficaz.\",\"breadcrumb\":{\"@id\":\"https:\\\/\\\/www.pryorglobal.com\\\/as-vacinas-entram-no-debate-juridico\\\/#breadcrumb\"},\"inLanguage\":\"en-US\",\"potentialAction\":[{\"@type\":\"ReadAction\",\"target\":[\"https:\\\/\\\/www.pryorglobal.com\\\/as-vacinas-entram-no-debate-juridico\\\/\"]}]},{\"@type\":\"ImageObject\",\"inLanguage\":\"en-US\",\"@id\":\"https:\\\/\\\/www.pryorglobal.com\\\/as-vacinas-entram-no-debate-juridico\\\/#primaryimage\",\"url\":\"https:\\\/\\\/www.pryorglobal.com\\\/wp-content\\\/uploads\\\/2021\\\/01\\\/as-vacinas-entram-no-debate-juridico_img03.jpg\",\"contentUrl\":\"https:\\\/\\\/www.pryorglobal.com\\\/wp-content\\\/uploads\\\/2021\\\/01\\\/as-vacinas-entram-no-debate-juridico_img03.jpg\",\"width\":340,\"height\":228,\"caption\":\"As Vacinas Entram No Debate Juridico\"},{\"@type\":\"BreadcrumbList\",\"@id\":\"https:\\\/\\\/www.pryorglobal.com\\\/as-vacinas-entram-no-debate-juridico\\\/#breadcrumb\",\"itemListElement\":[{\"@type\":\"ListItem\",\"position\":1,\"name\":\"In\u00edcio\",\"item\":\"https:\\\/\\\/www.pryorglobal.com\\\/\"},{\"@type\":\"ListItem\",\"position\":2,\"name\":\"As vacinas entram no debate jur\u00eddico\"}]},{\"@type\":\"WebSite\",\"@id\":\"https:\\\/\\\/www.pryorglobal.com\\\/#website\",\"url\":\"https:\\\/\\\/www.pryorglobal.com\\\/\",\"name\":\"Pryor Global\",\"description\":\"\",\"publisher\":{\"@id\":\"https:\\\/\\\/www.pryorglobal.com\\\/#organization\"},\"potentialAction\":[{\"@type\":\"SearchAction\",\"target\":{\"@type\":\"EntryPoint\",\"urlTemplate\":\"https:\\\/\\\/www.pryorglobal.com\\\/?s={search_term_string}\"},\"query-input\":{\"@type\":\"PropertyValueSpecification\",\"valueRequired\":true,\"valueName\":\"search_term_string\"}}],\"inLanguage\":\"en-US\"},{\"@type\":\"Organization\",\"@id\":\"https:\\\/\\\/www.pryorglobal.com\\\/#organization\",\"name\":\"Pryor Global\",\"url\":\"https:\\\/\\\/www.pryorglobal.com\\\/\",\"logo\":{\"@type\":\"ImageObject\",\"inLanguage\":\"en-US\",\"@id\":\"https:\\\/\\\/www.pryorglobal.com\\\/#\\\/schema\\\/logo\\\/image\\\/\",\"url\":\"https:\\\/\\\/www.pryorglobal.com\\\/wp-content\\\/uploads\\\/2024\\\/09\\\/logo_pryor.svg\",\"contentUrl\":\"https:\\\/\\\/www.pryorglobal.com\\\/wp-content\\\/uploads\\\/2024\\\/09\\\/logo_pryor.svg\",\"caption\":\"Pryor Global\"},\"image\":{\"@id\":\"https:\\\/\\\/www.pryorglobal.com\\\/#\\\/schema\\\/logo\\\/image\\\/\"},\"sameAs\":[\"https:\\\/\\\/www.facebook.com\\\/pryorglobal.oficial\\\/\",\"https:\\\/\\\/www.instagram.com\\\/pryorglobal\\\/\",\"https:\\\/\\\/www.linkedin.com\\\/company\\\/pryorglobal\\\/\"]},{\"@type\":\"Person\",\"@id\":\"https:\\\/\\\/www.pryorglobal.com\\\/#\\\/schema\\\/person\\\/01971d5e12373439a945513cb647a0b9\",\"name\":\"prylocawp23 prylocawp23\",\"image\":{\"@type\":\"ImageObject\",\"inLanguage\":\"en-US\",\"@id\":\"https:\\\/\\\/secure.gravatar.com\\\/avatar\\\/de81a7a6ba6373eebbbc0ff939a766f2d8e173366b4612cbbb9b4c37c24b540b?s=96&d=mm&r=g\",\"url\":\"https:\\\/\\\/secure.gravatar.com\\\/avatar\\\/de81a7a6ba6373eebbbc0ff939a766f2d8e173366b4612cbbb9b4c37c24b540b?s=96&d=mm&r=g\",\"contentUrl\":\"https:\\\/\\\/secure.gravatar.com\\\/avatar\\\/de81a7a6ba6373eebbbc0ff939a766f2d8e173366b4612cbbb9b4c37c24b540b?s=96&d=mm&r=g\",\"caption\":\"prylocawp23 prylocawp23\"}}]}<\/script>\n<!-- \/ Yoast SEO plugin. -->","yoast_head_json":{"title":"As vacinas do coronav\u00edrus podem ser feitas nos setores p\u00fablico e privado","description":"As vacinas podem ser requeridas pelo setor privado, mas o SUS tem prioridade e os brasileiros tamb\u00e9m podem pleitear a vacina mais eficaz.","robots":{"index":"index","follow":"follow","max-snippet":"max-snippet:-1","max-image-preview":"max-image-preview:large","max-video-preview":"max-video-preview:-1"},"canonical":"https:\/\/www.pryorglobal.com\/en\/as-vacinas-entram-no-debate-juridico\/","og_locale":"en_US","og_type":"article","og_title":"As vacinas do coronav\u00edrus podem ser feitas nos setores p\u00fablico e privado","og_description":"As vacinas podem ser requeridas pelo setor privado, mas o SUS tem prioridade e os brasileiros tamb\u00e9m podem pleitear a vacina mais eficaz.","og_url":"https:\/\/www.pryorglobal.com\/en\/as-vacinas-entram-no-debate-juridico\/","og_site_name":"Pryor Global","article_publisher":"https:\/\/www.facebook.com\/pryorglobal.oficial\/","article_published_time":"2021-01-14T10:00:01+00:00","article_modified_time":"2021-01-15T17:13:18+00:00","og_image":[{"width":340,"height":228,"url":"https:\/\/www.pryorglobal.com\/wp-content\/uploads\/2021\/01\/as-vacinas-entram-no-debate-juridico_img03.jpg","type":"image\/jpeg"}],"author":"prylocawp23 prylocawp23","twitter_card":"summary_large_image","twitter_misc":{"Written by":"prylocawp23 prylocawp23","Est. reading time":"3 minutes"},"schema":{"@context":"https:\/\/schema.org","@graph":[{"@type":"Article","@id":"https:\/\/www.pryorglobal.com\/as-vacinas-entram-no-debate-juridico\/#article","isPartOf":{"@id":"https:\/\/www.pryorglobal.com\/as-vacinas-entram-no-debate-juridico\/"},"author":{"name":"prylocawp23 prylocawp23","@id":"https:\/\/www.pryorglobal.com\/#\/schema\/person\/01971d5e12373439a945513cb647a0b9"},"headline":"As vacinas entram no debate jur\u00eddico","datePublished":"2021-01-14T10:00:01+00:00","dateModified":"2021-01-15T17:13:18+00:00","mainEntityOfPage":{"@id":"https:\/\/www.pryorglobal.com\/as-vacinas-entram-no-debate-juridico\/"},"wordCount":56,"commentCount":0,"publisher":{"@id":"https:\/\/www.pryorglobal.com\/#organization"},"image":{"@id":"https:\/\/www.pryorglobal.com\/as-vacinas-entram-no-debate-juridico\/#primaryimage"},"thumbnailUrl":"https:\/\/www.pryorglobal.com\/wp-content\/uploads\/2021\/01\/as-vacinas-entram-no-debate-juridico_img03.jpg","keywords":["advogados","as cl\u00ednicas privadas podem comprar a vacina contra o coronav\u00edrus?","BTG","debate jur\u00eddico","direito sanit\u00e1rio","escrit\u00f3rios de advocacia","fazer neg\u00f3cios","investidores","judicializa\u00e7\u00e3o das vacinas","Lei 14006 de 2020","plano de vacina\u00e7\u00e3o","Pryor Consultores","Representa\u00e7\u00e3o Legal","SUS","vacina\u00e7\u00e3o coronav\u00edrus","vacinas"],"articleSection":["Representa\u00e7\u00e3o de empresas estrangeiras"],"inLanguage":"en-US","potentialAction":[{"@type":"CommentAction","name":"Comment","target":["https:\/\/www.pryorglobal.com\/as-vacinas-entram-no-debate-juridico\/#respond"]}]},{"@type":"WebPage","@id":"https:\/\/www.pryorglobal.com\/as-vacinas-entram-no-debate-juridico\/","url":"https:\/\/www.pryorglobal.com\/as-vacinas-entram-no-debate-juridico\/","name":"As vacinas do coronav\u00edrus podem ser feitas nos setores p\u00fablico e privado","isPartOf":{"@id":"https:\/\/www.pryorglobal.com\/#website"},"primaryImageOfPage":{"@id":"https:\/\/www.pryorglobal.com\/as-vacinas-entram-no-debate-juridico\/#primaryimage"},"image":{"@id":"https:\/\/www.pryorglobal.com\/as-vacinas-entram-no-debate-juridico\/#primaryimage"},"thumbnailUrl":"https:\/\/www.pryorglobal.com\/wp-content\/uploads\/2021\/01\/as-vacinas-entram-no-debate-juridico_img03.jpg","datePublished":"2021-01-14T10:00:01+00:00","dateModified":"2021-01-15T17:13:18+00:00","description":"As vacinas podem ser requeridas pelo setor privado, mas o SUS tem prioridade e os brasileiros tamb\u00e9m podem pleitear a vacina mais eficaz.","breadcrumb":{"@id":"https:\/\/www.pryorglobal.com\/as-vacinas-entram-no-debate-juridico\/#breadcrumb"},"inLanguage":"en-US","potentialAction":[{"@type":"ReadAction","target":["https:\/\/www.pryorglobal.com\/as-vacinas-entram-no-debate-juridico\/"]}]},{"@type":"ImageObject","inLanguage":"en-US","@id":"https:\/\/www.pryorglobal.com\/as-vacinas-entram-no-debate-juridico\/#primaryimage","url":"https:\/\/www.pryorglobal.com\/wp-content\/uploads\/2021\/01\/as-vacinas-entram-no-debate-juridico_img03.jpg","contentUrl":"https:\/\/www.pryorglobal.com\/wp-content\/uploads\/2021\/01\/as-vacinas-entram-no-debate-juridico_img03.jpg","width":340,"height":228,"caption":"As Vacinas Entram No Debate Juridico"},{"@type":"BreadcrumbList","@id":"https:\/\/www.pryorglobal.com\/as-vacinas-entram-no-debate-juridico\/#breadcrumb","itemListElement":[{"@type":"ListItem","position":1,"name":"In\u00edcio","item":"https:\/\/www.pryorglobal.com\/"},{"@type":"ListItem","position":2,"name":"As vacinas entram no debate jur\u00eddico"}]},{"@type":"WebSite","@id":"https:\/\/www.pryorglobal.com\/#website","url":"https:\/\/www.pryorglobal.com\/","name":"Pryor Global","description":"","publisher":{"@id":"https:\/\/www.pryorglobal.com\/#organization"},"potentialAction":[{"@type":"SearchAction","target":{"@type":"EntryPoint","urlTemplate":"https:\/\/www.pryorglobal.com\/?s={search_term_string}"},"query-input":{"@type":"PropertyValueSpecification","valueRequired":true,"valueName":"search_term_string"}}],"inLanguage":"en-US"},{"@type":"Organization","@id":"https:\/\/www.pryorglobal.com\/#organization","name":"Pryor Global","url":"https:\/\/www.pryorglobal.com\/","logo":{"@type":"ImageObject","inLanguage":"en-US","@id":"https:\/\/www.pryorglobal.com\/#\/schema\/logo\/image\/","url":"https:\/\/www.pryorglobal.com\/wp-content\/uploads\/2024\/09\/logo_pryor.svg","contentUrl":"https:\/\/www.pryorglobal.com\/wp-content\/uploads\/2024\/09\/logo_pryor.svg","caption":"Pryor Global"},"image":{"@id":"https:\/\/www.pryorglobal.com\/#\/schema\/logo\/image\/"},"sameAs":["https:\/\/www.facebook.com\/pryorglobal.oficial\/","https:\/\/www.instagram.com\/pryorglobal\/","https:\/\/www.linkedin.com\/company\/pryorglobal\/"]},{"@type":"Person","@id":"https:\/\/www.pryorglobal.com\/#\/schema\/person\/01971d5e12373439a945513cb647a0b9","name":"prylocawp23 prylocawp23","image":{"@type":"ImageObject","inLanguage":"en-US","@id":"https:\/\/secure.gravatar.com\/avatar\/de81a7a6ba6373eebbbc0ff939a766f2d8e173366b4612cbbb9b4c37c24b540b?s=96&d=mm&r=g","url":"https:\/\/secure.gravatar.com\/avatar\/de81a7a6ba6373eebbbc0ff939a766f2d8e173366b4612cbbb9b4c37c24b540b?s=96&d=mm&r=g","contentUrl":"https:\/\/secure.gravatar.com\/avatar\/de81a7a6ba6373eebbbc0ff939a766f2d8e173366b4612cbbb9b4c37c24b540b?s=96&d=mm&r=g","caption":"prylocawp23 prylocawp23"}}]}},"_links":{"self":[{"href":"https:\/\/www.pryorglobal.com\/en\/wp-json\/wp\/v2\/posts\/2510","targetHints":{"allow":["GET"]}}],"collection":[{"href":"https:\/\/www.pryorglobal.com\/en\/wp-json\/wp\/v2\/posts"}],"about":[{"href":"https:\/\/www.pryorglobal.com\/en\/wp-json\/wp\/v2\/types\/post"}],"author":[{"embeddable":true,"href":"https:\/\/www.pryorglobal.com\/en\/wp-json\/wp\/v2\/users\/10"}],"replies":[{"embeddable":true,"href":"https:\/\/www.pryorglobal.com\/en\/wp-json\/wp\/v2\/comments?post=2510"}],"version-history":[{"count":0,"href":"https:\/\/www.pryorglobal.com\/en\/wp-json\/wp\/v2\/posts\/2510\/revisions"}],"wp:featuredmedia":[{"embeddable":true,"href":"https:\/\/www.pryorglobal.com\/en\/wp-json\/wp\/v2\/media\/2845"}],"wp:attachment":[{"href":"https:\/\/www.pryorglobal.com\/en\/wp-json\/wp\/v2\/media?parent=2510"}],"wp:term":[{"taxonomy":"category","embeddable":true,"href":"https:\/\/www.pryorglobal.com\/en\/wp-json\/wp\/v2\/categories?post=2510"},{"taxonomy":"post_tag","embeddable":true,"href":"https:\/\/www.pryorglobal.com\/en\/wp-json\/wp\/v2\/tags?post=2510"}],"curies":[{"name":"wp","href":"https:\/\/api.w.org\/{rel}","templated":true}]}}