{"id":2393,"date":"2020-12-30T09:00:54","date_gmt":"2020-12-30T09:00:54","guid":{"rendered":"https:\/\/pryorglobal.com\/?p=2393"},"modified":"2021-01-14T14:05:04","modified_gmt":"2021-01-14T14:05:04","slug":"as-ferias-coletivas-substituem-as-ferias-individuais","status":"publish","type":"post","link":"https:\/\/www.pryorglobal.com\/en\/as-ferias-coletivas-substituem-as-ferias-individuais\/","title":{"rendered":"As f\u00e9rias coletivas substituem as f\u00e9rias individuais?"},"content":{"rendered":"<div data-elementor-type=\"wp-post\" data-elementor-id=\"2393\" class=\"elementor elementor-2393\" data-elementor-post-type=\"post\">\n\t\t\t\t\t\t<section class=\"elementor-section elementor-top-section elementor-element elementor-element-61760ec1 elementor-section-boxed elementor-section-height-default elementor-section-height-default\" data-id=\"61760ec1\" data-element_type=\"section\" data-e-type=\"section\">\n\t\t\t\t\t\t<div class=\"elementor-container elementor-column-gap-default\">\n\t\t\t\t\t<div class=\"elementor-column elementor-col-100 elementor-top-column elementor-element elementor-element-398c31dd\" data-id=\"398c31dd\" data-element_type=\"column\" data-e-type=\"column\">\n\t\t\t<div class=\"elementor-widget-wrap elementor-element-populated\">\n\t\t\t\t\t\t<div class=\"elementor-element elementor-element-63b6647 elementor-widget elementor-widget-image\" data-id=\"63b6647\" data-element_type=\"widget\" data-e-type=\"widget\" data-widget_type=\"image.default\">\n\t\t\t\t<div class=\"elementor-widget-container\">\n\t\t\t\t\t\t\t\t\t\t\t\t\t\t\t<img fetchpriority=\"high\" decoding=\"async\" width=\"800\" height=\"279\" src=\"https:\/\/www.pryorglobal.com\/wp-content\/uploads\/2020\/12\/Blog-13-\u2013-21-systems-ferias-coletiva-01.jpg\" class=\"attachment-large size-large wp-image-2474\" alt=\"\" srcset=\"https:\/\/www.pryorglobal.com\/wp-content\/uploads\/2020\/12\/Blog-13-\u2013-21-systems-ferias-coletiva-01.jpg 860w, https:\/\/www.pryorglobal.com\/wp-content\/uploads\/2020\/12\/Blog-13-\u2013-21-systems-ferias-coletiva-01-300x105.jpg 300w, https:\/\/www.pryorglobal.com\/wp-content\/uploads\/2020\/12\/Blog-13-\u2013-21-systems-ferias-coletiva-01-768x268.jpg 768w, https:\/\/www.pryorglobal.com\/wp-content\/uploads\/2020\/12\/Blog-13-\u2013-21-systems-ferias-coletiva-01-16x6.jpg 16w\" sizes=\"(max-width: 800px) 100vw, 800px\" \/>\t\t\t\t\t\t\t\t\t\t\t\t\t\t\t<\/div>\n\t\t\t\t<\/div>\n\t\t\t\t<div class=\"elementor-element elementor-element-ef877bf elementor-widget elementor-widget-text-editor\" data-id=\"ef877bf\" data-element_type=\"widget\" data-e-type=\"widget\" data-widget_type=\"text-editor.default\">\n\t\t\t\t<div class=\"elementor-widget-container\">\n\t\t\t\t\t\t\t\t\t\n<p style=\"text-align:justify;\">As f\u00e9rias coletivas s\u00e3o utilizadas por muitas empresas, especialmente no fim de cada ano. As empresas determinam se todos os funcion\u00e1rios saem de f\u00e9rias no per\u00edodo ou apenas alguns setores.<\/p>\n\t\t\t\t\t\t\t\t<\/div>\n\t\t\t\t<\/div>\n\t\t\t\t<div class=\"elementor-element elementor-element-e5f40d5 elementor-widget elementor-widget-heading\" data-id=\"e5f40d5\" data-element_type=\"widget\" data-e-type=\"widget\" data-widget_type=\"heading.default\">\n\t\t\t\t<div class=\"elementor-widget-container\">\n\t\t\t\t\t<h2 class=\"elementor-heading-title elementor-size-default\">F\u00e9rias coletivas - estrat\u00e9gia de conten\u00e7\u00e3o de custos<\/h2>\t\t\t\t<\/div>\n\t\t\t\t<\/div>\n\t\t\t\t<div class=\"elementor-element elementor-element-57581834 elementor-widget elementor-widget-text-editor\" data-id=\"57581834\" data-element_type=\"widget\" data-e-type=\"widget\" data-widget_type=\"text-editor.default\">\n\t\t\t\t<div class=\"elementor-widget-container\">\n\t\t\t\t\t\t\t\t\t\n<p style=\"text-align:justify;\">O empregado tem direito ao gozo das f\u00e9rias ap\u00f3s doze meses de trabalho ininterruptos ou somados e desconsiderados os intervalos.<\/p>\n\n\n\n<p style=\"text-align:justify;\">A <a href=\"https:\/\/www.pryorglobal.com\/en\/como-calcular-o-13o-salario-para-contratos-suspensos\/\">suspens\u00e3o dos contratos de trabalho<\/a> na pandemia, por exemplo, altera a contagem do per\u00edodo aquisitivo, assim como a licen\u00e7a-maternidade.<\/p>\n\n\n\n<p style=\"text-align:justify;\">Embora tenha o direito, o <a href=\"https:\/\/www.planalto.gov.br\/ccivil_03\/decreto-lei\/del1535.htm\">artigo 134 do Decreto Lei<\/a> <a href=\"https:\/\/www.planalto.gov.br\/ccivil_03\/decreto-lei\/del1535.htmhttps:\/\/legislacao.presidencia.gov.br\/atos\/?tipo=DEL&amp;numero=1535&amp;ano=1977&amp;ato=395AzZ65UNnRVTef8https:\/\/legis.senado.leg.br\/norma\/525691\/publicacao\/15781043\">1.535 de 1977<\/a> and Protection states that <em>&#8220;as f\u00e9rias ser\u00e3o concedidas por ato do empregador&#8221;<\/em>.<\/p>\n\n\n\n<p style=\"text-align:justify;\">Al\u00e9m disso, o artigo 136 dessa lei define que <em>&#8220;a \u00e9poca da concess\u00e3o das f\u00e9rias ser\u00e1 a que melhor consulte os interesses do empregador&#8221;<\/em>, ou seja, o per\u00edodo de gozo \u00e9 indica\u00e7\u00e3o do contratante.<\/p>\n\n\n\n<p style=\"text-align:justify;\">Algumas empresas concedem f\u00e9rias coletivas aos trabalhadores nos per\u00edodos que envolvem as festividades de Natal e Ano Novo.<\/p>\n\n\n\n<p style=\"text-align:justify;\">A estrat\u00e9gia de conten\u00e7\u00e3o de custos considera os dias \u00fateis desse intervalo entre dezembro e janeiro do pr\u00f3ximo ano, porque a m\u00e3o de obra em muitas empresas \u00e9 menos utilizada nesse per\u00edodo.<\/p>\n\n\n\n<p style=\"text-align:justify;\">Como as f\u00e9rias coletivas podem ser divididas em at\u00e9 2 per\u00edodos anuais superiores a 10 dias, algumas empresas optam por conced\u00ea-las tamb\u00e9m em julho, porque muitos funcion\u00e1rios t\u00eam filhos em idade escolar e combinam os per\u00edodos de descanso e lazer.<\/p>\n\n\n\n<p style=\"text-align:justify;\">Existem a\u00e7\u00f5es trabalhistas neste sentido, porque algumas empresas selecionam os empregados que sair\u00e3o de f\u00e9rias e informam que essas f\u00e9rias s\u00e3o coletivas.<\/p>\n\n\n\n<p style=\"text-align:justify;\">Por\u00e9m, os empregados n\u00e3o podem ser selecionados no caso de f\u00e9rias coletivas, haja vista que a lei determina no <a href=\"https:\/\/www.planalto.gov.br\/ccivil_03\/decreto-lei\/del1535.htm\">artigo 139<\/a> que sejam &#8220;todos os empregados de uma empresa ou de determinados estabelecimentos ou setores da empresa&#8221;.<\/p>\n\t\t\t\t\t\t\t\t<\/div>\n\t\t\t\t<\/div>\n\t\t\t\t<div class=\"elementor-element elementor-element-9c3bfab elementor-widget elementor-widget-image\" data-id=\"9c3bfab\" data-element_type=\"widget\" data-e-type=\"widget\" data-widget_type=\"image.default\">\n\t\t\t\t<div class=\"elementor-widget-container\">\n\t\t\t\t\t\t\t\t\t\t\t\t\t\t\t<img decoding=\"async\" width=\"800\" height=\"279\" src=\"https:\/\/www.pryorglobal.com\/wp-content\/uploads\/2020\/12\/Blog-13-\u2013-21-systems-ferias-coletiva-02.jpg\" class=\"attachment-large size-large wp-image-2475\" alt=\"\" srcset=\"https:\/\/www.pryorglobal.com\/wp-content\/uploads\/2020\/12\/Blog-13-\u2013-21-systems-ferias-coletiva-02.jpg 860w, https:\/\/www.pryorglobal.com\/wp-content\/uploads\/2020\/12\/Blog-13-\u2013-21-systems-ferias-coletiva-02-300x105.jpg 300w, https:\/\/www.pryorglobal.com\/wp-content\/uploads\/2020\/12\/Blog-13-\u2013-21-systems-ferias-coletiva-02-768x268.jpg 768w, https:\/\/www.pryorglobal.com\/wp-content\/uploads\/2020\/12\/Blog-13-\u2013-21-systems-ferias-coletiva-02-16x6.jpg 16w\" sizes=\"(max-width: 800px) 100vw, 800px\" \/>\t\t\t\t\t\t\t\t\t\t\t\t\t\t\t<\/div>\n\t\t\t\t<\/div>\n\t\t\t\t<div class=\"elementor-element elementor-element-96abefc elementor-widget elementor-widget-heading\" data-id=\"96abefc\" data-element_type=\"widget\" data-e-type=\"widget\" data-widget_type=\"heading.default\">\n\t\t\t\t<div class=\"elementor-widget-container\">\n\t\t\t\t\t<h2 class=\"elementor-heading-title elementor-size-default\">Gest\u00e3o de RH e f\u00e9rias<\/h2>\t\t\t\t<\/div>\n\t\t\t\t<\/div>\n\t\t\t\t<div class=\"elementor-element elementor-element-4550b91 elementor-widget elementor-widget-text-editor\" data-id=\"4550b91\" data-element_type=\"widget\" data-e-type=\"widget\" data-widget_type=\"text-editor.default\">\n\t\t\t\t<div class=\"elementor-widget-container\">\n\t\t\t\t\t\t\t\t\t\n<p style=\"text-align:justify;\">As f\u00e9rias coletivas substituem as f\u00e9rias individuais e, uma vez determinado o per\u00edodo, o gozo \u00e9 obrigat\u00f3rio. Caso o per\u00edodo seja inferior a 30 dias, o trabalhador tem o direito de negociar o gozo dos dias restantes.<\/p>\n\n\n\n<p style=\"text-align:justify;\">\u00c9 muito importante conhecer o perfil do seu empregado. Por isso, <a href=\"https:\/\/www.pryorglobal.com\/en\/pryor-systems\/\">automatizar a Folha de Pagamento<\/a> faz toda a diferen\u00e7a.<\/p>\n\n\n\n<p style=\"text-align:justify;\">Imagine que diversas funcion\u00e1rias em idade f\u00e9rtil planejam ter filhos. Caso elas saiam em f\u00e9rias coletivas ao mesmo tempo, h\u00e1 grandes chances de que algumas delas entrem de licen\u00e7a-maternidade no mesmo per\u00edodo.<\/p>\n\n\n\n<p style=\"text-align:justify;\">Portanto, planejar as f\u00e9rias \u00e9 um dos desafios da Gest\u00e3o de RH. O mapeamento realizado a partir do cadastro de funcion\u00e1rios \u00e9 um dos pilares que ir\u00e1 definir o cronograma ideal.<\/p>\n\n\n\n<p style=\"text-align:justify;\">Se voc\u00ea quer fazer a gest\u00e3o inteligente do capital humano na sua empresa e conhecer o perfil dos seus colaboradores, converse com os especialistas da <a href=\"https:\/\/www.pryorglobal.com\/en\/pryor-systems\/\">Systems<\/a>.<\/p>\n\t\t\t\t\t\t\t\t<\/div>\n\t\t\t\t<\/div>\n\t\t\t\t\t<\/div>\n\t\t<\/div>\n\t\t\t\t\t<\/div>\n\t\t<\/section>\n\t\t\t\t<\/div>","protected":false},"excerpt":{"rendered":"<p>As f\u00e9rias coletivas s\u00e3o utilizadas por muitas empresas, especialmente no fim de cada ano. As empresas determinam se todos os funcion\u00e1rios saem de f\u00e9rias no per\u00edodo ou apenas alguns setores. F\u00e9rias coletivas &#8211; estrat\u00e9gia de conten\u00e7\u00e3o de custos O empregado tem direito ao gozo das f\u00e9rias ap\u00f3s doze meses de trabalho ininterruptos ou somados e [&hellip;]<\/p>\n","protected":false},"author":10,"featured_media":2479,"comment_status":"open","ping_status":"closed","sticky":false,"template":"","format":"standard","meta":{"footnotes":""},"categories":[19],"tags":[122,123,124,121,26,119,29,82,120,125],"class_list":["post-2393","post","type-post","status-publish","format-standard","has-post-thumbnail","hentry","category-gestao-de-folha-de-pagamento","tag-artigo-134","tag-artigo-136","tag-clt","tag-direitos-trabalhistas","tag-ferias","tag-ferias-coletivas","tag-fopag","tag-gestao-de-rh","tag-pagamento-de-ferias","tag-planejar-as-ferias"],"yoast_head":"<!-- This site is optimized with the Yoast SEO plugin v27.4 - https:\/\/yoast.com\/product\/yoast-seo-wordpress\/ -->\n<title>As f\u00e9rias coletivas substituem as f\u00e9rias individuais?<\/title>\n<meta name=\"description\" content=\"As f\u00e9rias coletivas podem substituir as f\u00e9rias individuais, porque o empregador \u00e9 quem determina o per\u00edodo de gozo. Saiba mais!\" \/>\n<meta name=\"robots\" content=\"index, follow, max-snippet:-1, max-image-preview:large, max-video-preview:-1\" \/>\n<link rel=\"canonical\" href=\"https:\/\/www.pryorglobal.com\/en\/as-ferias-coletivas-substituem-as-ferias-individuais\/\" \/>\n<meta property=\"og:locale\" content=\"en_US\" \/>\n<meta property=\"og:type\" content=\"article\" \/>\n<meta property=\"og:title\" content=\"As f\u00e9rias coletivas substituem as f\u00e9rias individuais?\" \/>\n<meta property=\"og:description\" content=\"As f\u00e9rias coletivas podem substituir as f\u00e9rias individuais, porque o empregador \u00e9 quem determina o per\u00edodo de gozo. Saiba mais!\" \/>\n<meta property=\"og:url\" content=\"https:\/\/www.pryorglobal.com\/en\/as-ferias-coletivas-substituem-as-ferias-individuais\/\" \/>\n<meta property=\"og:site_name\" content=\"Pryor Global\" \/>\n<meta property=\"article:publisher\" content=\"https:\/\/www.facebook.com\/pryorglobal.oficial\/\" \/>\n<meta property=\"article:published_time\" content=\"2020-12-30T09:00:54+00:00\" \/>\n<meta property=\"article:modified_time\" content=\"2021-01-14T14:05:04+00:00\" \/>\n<meta property=\"og:image\" content=\"https:\/\/www.pryorglobal.com\/wp-content\/uploads\/2020\/12\/Blog-13-\u2013-21-systems-ferias-coletiva-03.jpg\" \/>\n\t<meta property=\"og:image:width\" content=\"340\" \/>\n\t<meta property=\"og:image:height\" content=\"228\" \/>\n\t<meta property=\"og:image:type\" content=\"image\/jpeg\" \/>\n<meta name=\"author\" content=\"prylocawp23 prylocawp23\" \/>\n<meta name=\"twitter:card\" content=\"summary_large_image\" \/>\n<meta name=\"twitter:label1\" content=\"Written by\" \/>\n\t<meta name=\"twitter:data1\" content=\"prylocawp23 prylocawp23\" \/>\n\t<meta name=\"twitter:label2\" content=\"Est. reading time\" \/>\n\t<meta name=\"twitter:data2\" content=\"2 minutes\" \/>\n<script type=\"application\/ld+json\" class=\"yoast-schema-graph\">{\"@context\":\"https:\\\/\\\/schema.org\",\"@graph\":[{\"@type\":\"Article\",\"@id\":\"https:\\\/\\\/www.pryorglobal.com\\\/as-ferias-coletivas-substituem-as-ferias-individuais\\\/#article\",\"isPartOf\":{\"@id\":\"https:\\\/\\\/www.pryorglobal.com\\\/as-ferias-coletivas-substituem-as-ferias-individuais\\\/\"},\"author\":{\"name\":\"prylocawp23 prylocawp23\",\"@id\":\"https:\\\/\\\/www.pryorglobal.com\\\/#\\\/schema\\\/person\\\/01971d5e12373439a945513cb647a0b9\"},\"headline\":\"As f\u00e9rias coletivas substituem as f\u00e9rias individuais?\",\"datePublished\":\"2020-12-30T09:00:54+00:00\",\"dateModified\":\"2021-01-14T14:05:04+00:00\",\"mainEntityOfPage\":{\"@id\":\"https:\\\/\\\/www.pryorglobal.com\\\/as-ferias-coletivas-substituem-as-ferias-individuais\\\/\"},\"wordCount\":489,\"commentCount\":0,\"publisher\":{\"@id\":\"https:\\\/\\\/www.pryorglobal.com\\\/#organization\"},\"image\":{\"@id\":\"https:\\\/\\\/www.pryorglobal.com\\\/as-ferias-coletivas-substituem-as-ferias-individuais\\\/#primaryimage\"},\"thumbnailUrl\":\"https:\\\/\\\/www.pryorglobal.com\\\/wp-content\\\/uploads\\\/2020\\\/12\\\/Blog-13-\u2013-21-systems-ferias-coletiva-03.jpg\",\"keywords\":[\"Artigo 134\",\"Artigo 136\",\"CLT\",\"direitos trabalhistas\",\"F\u00e9rias\",\"f\u00e9rias coletivas\",\"FOPAG\",\"gest\u00e3o de rh\",\"pagamento de f\u00e9rias\",\"planejar as f\u00e9rias\"],\"articleSection\":[\"Gest\u00e3o de folha de pagamento\"],\"inLanguage\":\"en-US\",\"potentialAction\":[{\"@type\":\"CommentAction\",\"name\":\"Comment\",\"target\":[\"https:\\\/\\\/www.pryorglobal.com\\\/as-ferias-coletivas-substituem-as-ferias-individuais\\\/#respond\"]}]},{\"@type\":\"WebPage\",\"@id\":\"https:\\\/\\\/www.pryorglobal.com\\\/as-ferias-coletivas-substituem-as-ferias-individuais\\\/\",\"url\":\"https:\\\/\\\/www.pryorglobal.com\\\/as-ferias-coletivas-substituem-as-ferias-individuais\\\/\",\"name\":\"As f\u00e9rias coletivas substituem as f\u00e9rias individuais?\",\"isPartOf\":{\"@id\":\"https:\\\/\\\/www.pryorglobal.com\\\/#website\"},\"primaryImageOfPage\":{\"@id\":\"https:\\\/\\\/www.pryorglobal.com\\\/as-ferias-coletivas-substituem-as-ferias-individuais\\\/#primaryimage\"},\"image\":{\"@id\":\"https:\\\/\\\/www.pryorglobal.com\\\/as-ferias-coletivas-substituem-as-ferias-individuais\\\/#primaryimage\"},\"thumbnailUrl\":\"https:\\\/\\\/www.pryorglobal.com\\\/wp-content\\\/uploads\\\/2020\\\/12\\\/Blog-13-\u2013-21-systems-ferias-coletiva-03.jpg\",\"datePublished\":\"2020-12-30T09:00:54+00:00\",\"dateModified\":\"2021-01-14T14:05:04+00:00\",\"description\":\"As f\u00e9rias coletivas podem substituir as f\u00e9rias individuais, porque o empregador \u00e9 quem determina o per\u00edodo de gozo. Saiba mais!\",\"breadcrumb\":{\"@id\":\"https:\\\/\\\/www.pryorglobal.com\\\/as-ferias-coletivas-substituem-as-ferias-individuais\\\/#breadcrumb\"},\"inLanguage\":\"en-US\",\"potentialAction\":[{\"@type\":\"ReadAction\",\"target\":[\"https:\\\/\\\/www.pryorglobal.com\\\/as-ferias-coletivas-substituem-as-ferias-individuais\\\/\"]}]},{\"@type\":\"ImageObject\",\"inLanguage\":\"en-US\",\"@id\":\"https:\\\/\\\/www.pryorglobal.com\\\/as-ferias-coletivas-substituem-as-ferias-individuais\\\/#primaryimage\",\"url\":\"https:\\\/\\\/www.pryorglobal.com\\\/wp-content\\\/uploads\\\/2020\\\/12\\\/Blog-13-\u2013-21-systems-ferias-coletiva-03.jpg\",\"contentUrl\":\"https:\\\/\\\/www.pryorglobal.com\\\/wp-content\\\/uploads\\\/2020\\\/12\\\/Blog-13-\u2013-21-systems-ferias-coletiva-03.jpg\",\"width\":340,\"height\":228},{\"@type\":\"BreadcrumbList\",\"@id\":\"https:\\\/\\\/www.pryorglobal.com\\\/as-ferias-coletivas-substituem-as-ferias-individuais\\\/#breadcrumb\",\"itemListElement\":[{\"@type\":\"ListItem\",\"position\":1,\"name\":\"In\u00edcio\",\"item\":\"https:\\\/\\\/www.pryorglobal.com\\\/\"},{\"@type\":\"ListItem\",\"position\":2,\"name\":\"As f\u00e9rias coletivas substituem as f\u00e9rias individuais?\"}]},{\"@type\":\"WebSite\",\"@id\":\"https:\\\/\\\/www.pryorglobal.com\\\/#website\",\"url\":\"https:\\\/\\\/www.pryorglobal.com\\\/\",\"name\":\"Pryor Global\",\"description\":\"\",\"publisher\":{\"@id\":\"https:\\\/\\\/www.pryorglobal.com\\\/#organization\"},\"potentialAction\":[{\"@type\":\"SearchAction\",\"target\":{\"@type\":\"EntryPoint\",\"urlTemplate\":\"https:\\\/\\\/www.pryorglobal.com\\\/?s={search_term_string}\"},\"query-input\":{\"@type\":\"PropertyValueSpecification\",\"valueRequired\":true,\"valueName\":\"search_term_string\"}}],\"inLanguage\":\"en-US\"},{\"@type\":\"Organization\",\"@id\":\"https:\\\/\\\/www.pryorglobal.com\\\/#organization\",\"name\":\"Pryor Global\",\"url\":\"https:\\\/\\\/www.pryorglobal.com\\\/\",\"logo\":{\"@type\":\"ImageObject\",\"inLanguage\":\"en-US\",\"@id\":\"https:\\\/\\\/www.pryorglobal.com\\\/#\\\/schema\\\/logo\\\/image\\\/\",\"url\":\"https:\\\/\\\/www.pryorglobal.com\\\/wp-content\\\/uploads\\\/2024\\\/09\\\/logo_pryor.svg\",\"contentUrl\":\"https:\\\/\\\/www.pryorglobal.com\\\/wp-content\\\/uploads\\\/2024\\\/09\\\/logo_pryor.svg\",\"caption\":\"Pryor Global\"},\"image\":{\"@id\":\"https:\\\/\\\/www.pryorglobal.com\\\/#\\\/schema\\\/logo\\\/image\\\/\"},\"sameAs\":[\"https:\\\/\\\/www.facebook.com\\\/pryorglobal.oficial\\\/\",\"https:\\\/\\\/www.instagram.com\\\/pryorglobal\\\/\",\"https:\\\/\\\/www.linkedin.com\\\/company\\\/pryorglobal\\\/\"]},{\"@type\":\"Person\",\"@id\":\"https:\\\/\\\/www.pryorglobal.com\\\/#\\\/schema\\\/person\\\/01971d5e12373439a945513cb647a0b9\",\"name\":\"prylocawp23 prylocawp23\",\"image\":{\"@type\":\"ImageObject\",\"inLanguage\":\"en-US\",\"@id\":\"https:\\\/\\\/secure.gravatar.com\\\/avatar\\\/de81a7a6ba6373eebbbc0ff939a766f2d8e173366b4612cbbb9b4c37c24b540b?s=96&d=mm&r=g\",\"url\":\"https:\\\/\\\/secure.gravatar.com\\\/avatar\\\/de81a7a6ba6373eebbbc0ff939a766f2d8e173366b4612cbbb9b4c37c24b540b?s=96&d=mm&r=g\",\"contentUrl\":\"https:\\\/\\\/secure.gravatar.com\\\/avatar\\\/de81a7a6ba6373eebbbc0ff939a766f2d8e173366b4612cbbb9b4c37c24b540b?s=96&d=mm&r=g\",\"caption\":\"prylocawp23 prylocawp23\"}}]}<\/script>\n<!-- \/ Yoast SEO plugin. -->","yoast_head_json":{"title":"As f\u00e9rias coletivas substituem as f\u00e9rias individuais?","description":"As f\u00e9rias coletivas podem substituir as f\u00e9rias individuais, porque o empregador \u00e9 quem determina o per\u00edodo de gozo. Saiba mais!","robots":{"index":"index","follow":"follow","max-snippet":"max-snippet:-1","max-image-preview":"max-image-preview:large","max-video-preview":"max-video-preview:-1"},"canonical":"https:\/\/www.pryorglobal.com\/en\/as-ferias-coletivas-substituem-as-ferias-individuais\/","og_locale":"en_US","og_type":"article","og_title":"As f\u00e9rias coletivas substituem as f\u00e9rias individuais?","og_description":"As f\u00e9rias coletivas podem substituir as f\u00e9rias individuais, porque o empregador \u00e9 quem determina o per\u00edodo de gozo. Saiba mais!","og_url":"https:\/\/www.pryorglobal.com\/en\/as-ferias-coletivas-substituem-as-ferias-individuais\/","og_site_name":"Pryor Global","article_publisher":"https:\/\/www.facebook.com\/pryorglobal.oficial\/","article_published_time":"2020-12-30T09:00:54+00:00","article_modified_time":"2021-01-14T14:05:04+00:00","og_image":[{"width":340,"height":228,"url":"https:\/\/www.pryorglobal.com\/wp-content\/uploads\/2020\/12\/Blog-13-\u2013-21-systems-ferias-coletiva-03.jpg","type":"image\/jpeg"}],"author":"prylocawp23 prylocawp23","twitter_card":"summary_large_image","twitter_misc":{"Written by":"prylocawp23 prylocawp23","Est. reading time":"2 minutes"},"schema":{"@context":"https:\/\/schema.org","@graph":[{"@type":"Article","@id":"https:\/\/www.pryorglobal.com\/as-ferias-coletivas-substituem-as-ferias-individuais\/#article","isPartOf":{"@id":"https:\/\/www.pryorglobal.com\/as-ferias-coletivas-substituem-as-ferias-individuais\/"},"author":{"name":"prylocawp23 prylocawp23","@id":"https:\/\/www.pryorglobal.com\/#\/schema\/person\/01971d5e12373439a945513cb647a0b9"},"headline":"As f\u00e9rias coletivas substituem as f\u00e9rias individuais?","datePublished":"2020-12-30T09:00:54+00:00","dateModified":"2021-01-14T14:05:04+00:00","mainEntityOfPage":{"@id":"https:\/\/www.pryorglobal.com\/as-ferias-coletivas-substituem-as-ferias-individuais\/"},"wordCount":489,"commentCount":0,"publisher":{"@id":"https:\/\/www.pryorglobal.com\/#organization"},"image":{"@id":"https:\/\/www.pryorglobal.com\/as-ferias-coletivas-substituem-as-ferias-individuais\/#primaryimage"},"thumbnailUrl":"https:\/\/www.pryorglobal.com\/wp-content\/uploads\/2020\/12\/Blog-13-\u2013-21-systems-ferias-coletiva-03.jpg","keywords":["Artigo 134","Artigo 136","CLT","direitos trabalhistas","F\u00e9rias","f\u00e9rias coletivas","FOPAG","gest\u00e3o de rh","pagamento de f\u00e9rias","planejar as f\u00e9rias"],"articleSection":["Gest\u00e3o de folha de pagamento"],"inLanguage":"en-US","potentialAction":[{"@type":"CommentAction","name":"Comment","target":["https:\/\/www.pryorglobal.com\/as-ferias-coletivas-substituem-as-ferias-individuais\/#respond"]}]},{"@type":"WebPage","@id":"https:\/\/www.pryorglobal.com\/as-ferias-coletivas-substituem-as-ferias-individuais\/","url":"https:\/\/www.pryorglobal.com\/as-ferias-coletivas-substituem-as-ferias-individuais\/","name":"As f\u00e9rias coletivas substituem as f\u00e9rias individuais?","isPartOf":{"@id":"https:\/\/www.pryorglobal.com\/#website"},"primaryImageOfPage":{"@id":"https:\/\/www.pryorglobal.com\/as-ferias-coletivas-substituem-as-ferias-individuais\/#primaryimage"},"image":{"@id":"https:\/\/www.pryorglobal.com\/as-ferias-coletivas-substituem-as-ferias-individuais\/#primaryimage"},"thumbnailUrl":"https:\/\/www.pryorglobal.com\/wp-content\/uploads\/2020\/12\/Blog-13-\u2013-21-systems-ferias-coletiva-03.jpg","datePublished":"2020-12-30T09:00:54+00:00","dateModified":"2021-01-14T14:05:04+00:00","description":"As f\u00e9rias coletivas podem substituir as f\u00e9rias individuais, porque o empregador \u00e9 quem determina o per\u00edodo de gozo. Saiba mais!","breadcrumb":{"@id":"https:\/\/www.pryorglobal.com\/as-ferias-coletivas-substituem-as-ferias-individuais\/#breadcrumb"},"inLanguage":"en-US","potentialAction":[{"@type":"ReadAction","target":["https:\/\/www.pryorglobal.com\/as-ferias-coletivas-substituem-as-ferias-individuais\/"]}]},{"@type":"ImageObject","inLanguage":"en-US","@id":"https:\/\/www.pryorglobal.com\/as-ferias-coletivas-substituem-as-ferias-individuais\/#primaryimage","url":"https:\/\/www.pryorglobal.com\/wp-content\/uploads\/2020\/12\/Blog-13-\u2013-21-systems-ferias-coletiva-03.jpg","contentUrl":"https:\/\/www.pryorglobal.com\/wp-content\/uploads\/2020\/12\/Blog-13-\u2013-21-systems-ferias-coletiva-03.jpg","width":340,"height":228},{"@type":"BreadcrumbList","@id":"https:\/\/www.pryorglobal.com\/as-ferias-coletivas-substituem-as-ferias-individuais\/#breadcrumb","itemListElement":[{"@type":"ListItem","position":1,"name":"In\u00edcio","item":"https:\/\/www.pryorglobal.com\/"},{"@type":"ListItem","position":2,"name":"As f\u00e9rias coletivas substituem as f\u00e9rias individuais?"}]},{"@type":"WebSite","@id":"https:\/\/www.pryorglobal.com\/#website","url":"https:\/\/www.pryorglobal.com\/","name":"Pryor Global","description":"","publisher":{"@id":"https:\/\/www.pryorglobal.com\/#organization"},"potentialAction":[{"@type":"SearchAction","target":{"@type":"EntryPoint","urlTemplate":"https:\/\/www.pryorglobal.com\/?s={search_term_string}"},"query-input":{"@type":"PropertyValueSpecification","valueRequired":true,"valueName":"search_term_string"}}],"inLanguage":"en-US"},{"@type":"Organization","@id":"https:\/\/www.pryorglobal.com\/#organization","name":"Pryor Global","url":"https:\/\/www.pryorglobal.com\/","logo":{"@type":"ImageObject","inLanguage":"en-US","@id":"https:\/\/www.pryorglobal.com\/#\/schema\/logo\/image\/","url":"https:\/\/www.pryorglobal.com\/wp-content\/uploads\/2024\/09\/logo_pryor.svg","contentUrl":"https:\/\/www.pryorglobal.com\/wp-content\/uploads\/2024\/09\/logo_pryor.svg","caption":"Pryor Global"},"image":{"@id":"https:\/\/www.pryorglobal.com\/#\/schema\/logo\/image\/"},"sameAs":["https:\/\/www.facebook.com\/pryorglobal.oficial\/","https:\/\/www.instagram.com\/pryorglobal\/","https:\/\/www.linkedin.com\/company\/pryorglobal\/"]},{"@type":"Person","@id":"https:\/\/www.pryorglobal.com\/#\/schema\/person\/01971d5e12373439a945513cb647a0b9","name":"prylocawp23 prylocawp23","image":{"@type":"ImageObject","inLanguage":"en-US","@id":"https:\/\/secure.gravatar.com\/avatar\/de81a7a6ba6373eebbbc0ff939a766f2d8e173366b4612cbbb9b4c37c24b540b?s=96&d=mm&r=g","url":"https:\/\/secure.gravatar.com\/avatar\/de81a7a6ba6373eebbbc0ff939a766f2d8e173366b4612cbbb9b4c37c24b540b?s=96&d=mm&r=g","contentUrl":"https:\/\/secure.gravatar.com\/avatar\/de81a7a6ba6373eebbbc0ff939a766f2d8e173366b4612cbbb9b4c37c24b540b?s=96&d=mm&r=g","caption":"prylocawp23 prylocawp23"}}]}},"_links":{"self":[{"href":"https:\/\/www.pryorglobal.com\/en\/wp-json\/wp\/v2\/posts\/2393","targetHints":{"allow":["GET"]}}],"collection":[{"href":"https:\/\/www.pryorglobal.com\/en\/wp-json\/wp\/v2\/posts"}],"about":[{"href":"https:\/\/www.pryorglobal.com\/en\/wp-json\/wp\/v2\/types\/post"}],"author":[{"embeddable":true,"href":"https:\/\/www.pryorglobal.com\/en\/wp-json\/wp\/v2\/users\/10"}],"replies":[{"embeddable":true,"href":"https:\/\/www.pryorglobal.com\/en\/wp-json\/wp\/v2\/comments?post=2393"}],"version-history":[{"count":0,"href":"https:\/\/www.pryorglobal.com\/en\/wp-json\/wp\/v2\/posts\/2393\/revisions"}],"wp:featuredmedia":[{"embeddable":true,"href":"https:\/\/www.pryorglobal.com\/en\/wp-json\/wp\/v2\/media\/2479"}],"wp:attachment":[{"href":"https:\/\/www.pryorglobal.com\/en\/wp-json\/wp\/v2\/media?parent=2393"}],"wp:term":[{"taxonomy":"category","embeddable":true,"href":"https:\/\/www.pryorglobal.com\/en\/wp-json\/wp\/v2\/categories?post=2393"},{"taxonomy":"post_tag","embeddable":true,"href":"https:\/\/www.pryorglobal.com\/en\/wp-json\/wp\/v2\/tags?post=2393"}],"curies":[{"name":"wp","href":"https:\/\/api.w.org\/{rel}","templated":true}]}}