{"id":2280,"date":"2020-12-17T17:22:50","date_gmt":"2020-12-17T17:22:50","guid":{"rendered":"https:\/\/pryorglobal.com\/?p=2280"},"modified":"2020-12-17T20:22:08","modified_gmt":"2020-12-17T20:22:08","slug":"os-atestados-medicos-no-diagnostico-da-covid-19","status":"publish","type":"post","link":"https:\/\/www.pryorglobal.com\/en\/os-atestados-medicos-no-diagnostico-da-covid-19\/","title":{"rendered":"Os atestados m\u00e9dicos no diagn\u00f3stico da Covid-19"},"content":{"rendered":"<div data-elementor-type=\"wp-post\" data-elementor-id=\"2280\" class=\"elementor elementor-2280\" data-elementor-post-type=\"post\">\n\t\t\t\t\t\t<section class=\"elementor-section elementor-top-section elementor-element elementor-element-1940540b elementor-section-boxed elementor-section-height-default elementor-section-height-default\" data-id=\"1940540b\" data-element_type=\"section\" data-e-type=\"section\">\n\t\t\t\t\t\t<div class=\"elementor-container elementor-column-gap-default\">\n\t\t\t\t\t<div class=\"elementor-column elementor-col-100 elementor-top-column elementor-element elementor-element-677ab13\" data-id=\"677ab13\" data-element_type=\"column\" data-e-type=\"column\">\n\t\t\t<div class=\"elementor-widget-wrap elementor-element-populated\">\n\t\t\t\t\t\t<div class=\"elementor-element elementor-element-94103d9 elementor-widget elementor-widget-image\" data-id=\"94103d9\" data-element_type=\"widget\" data-e-type=\"widget\" data-widget_type=\"image.default\">\n\t\t\t\t<div class=\"elementor-widget-container\">\n\t\t\t\t\t\t\t\t\t\t\t\t\t\t\t<img fetchpriority=\"high\" decoding=\"async\" width=\"800\" height=\"279\" src=\"https:\/\/www.pryorglobal.com\/wp-content\/uploads\/2020\/12\/Blog-20-\u2013-62.jpg\" class=\"attachment-large size-large wp-image-2371\" alt=\"\" srcset=\"https:\/\/www.pryorglobal.com\/wp-content\/uploads\/2020\/12\/Blog-20-\u2013-62.jpg 860w, https:\/\/www.pryorglobal.com\/wp-content\/uploads\/2020\/12\/Blog-20-\u2013-62-300x105.jpg 300w, https:\/\/www.pryorglobal.com\/wp-content\/uploads\/2020\/12\/Blog-20-\u2013-62-768x268.jpg 768w, https:\/\/www.pryorglobal.com\/wp-content\/uploads\/2020\/12\/Blog-20-\u2013-62-16x6.jpg 16w\" sizes=\"(max-width: 800px) 100vw, 800px\" \/>\t\t\t\t\t\t\t\t\t\t\t\t\t\t\t<\/div>\n\t\t\t\t<\/div>\n\t\t\t\t<div class=\"elementor-element elementor-element-54c68d9f elementor-widget elementor-widget-text-editor\" data-id=\"54c68d9f\" data-element_type=\"widget\" data-e-type=\"widget\" data-widget_type=\"text-editor.default\">\n\t\t\t\t<div class=\"elementor-widget-container\">\n\t\t\t\t\t\t\t\t\t<p style=\"text-align:justify;\">Os atestados m\u00e9dicos referentes \u00e0 Covid-19 t\u00eam uma din\u00e2mica particular. A suspeita de contamina\u00e7\u00e3o surge a partir de alguns sintomas, por\u00e9m muitas vezes o diagn\u00f3stico \u00e9 negativo ap\u00f3s os exames. Saiba como funciona o afastamento nesse caso e como fica a Folha de Pagamento.<\/p>\n\t\t\t\t\t\t\t\t<\/div>\n\t\t\t\t<\/div>\n\t\t\t\t<div class=\"elementor-element elementor-element-62007e7 elementor-widget elementor-widget-heading\" data-id=\"62007e7\" data-element_type=\"widget\" data-e-type=\"widget\" data-widget_type=\"heading.default\">\n\t\t\t\t<div class=\"elementor-widget-container\">\n\t\t\t\t\t<h2 class=\"elementor-heading-title elementor-size-default\">Per\u00edodo de cobertura dos atestados m\u00e9dicos<\/h2>\t\t\t\t<\/div>\n\t\t\t\t<\/div>\n\t\t\t\t<div class=\"elementor-element elementor-element-5424a53 elementor-widget elementor-widget-text-editor\" data-id=\"5424a53\" data-element_type=\"widget\" data-e-type=\"widget\" data-widget_type=\"text-editor.default\">\n\t\t\t\t<div class=\"elementor-widget-container\">\n\t\t\t\t\t\t\t\t\t<p style=\"text-align:justify;\">Os sintomas causados pelo coronav\u00edrus podem ser sutis e confundidos com os de uma gripe. Entretanto, os efeitos colaterais s\u00e3o muito diferentes de uma pessoa para outra e o cont\u00e1gio \u00e9 muito preocupante.<\/p>\n<!-- \/wp:paragraph -->\n\n<!-- wp:paragraph -->\n<p style=\"text-align:justify;\">Por isso, recomenda-se a procura imediata por atendimento m\u00e9dico diante dos sintomas e o isolamento enquanto o resultado do exame n\u00e3o sai.<\/p>\n<!-- \/wp:paragraph -->\n\n<!-- wp:paragraph -->\n<p style=\"text-align:justify;\">Diante deste cen\u00e1rio, muitas empresas mant\u00eam os funcion\u00e1rios em home office para evitar a interrup\u00e7\u00e3o dos trabalhos.<\/p>\n<!-- \/wp:paragraph -->\n\n<!-- wp:paragraph -->\n<p style=\"text-align:justify;\">Isso porque quando um profissional \u00e9 diagnosticado, outros que estejam no conv\u00edvio dele precisam ser testados tamb\u00e9m e devem cumprir a mesma regra de isolamento.<\/p>\n<!-- \/wp:paragraph -->\n\n<!-- wp:paragraph -->\n<p style=\"text-align:justify;\">Por\u00e9m, grande parte das testagens tem resultado negativo. Nesse caso, o per\u00edodo de afastamento do atestado m\u00e9dico \u00e9 vari\u00e1vel, independente do que esteja no documento.<\/p>\n<!-- \/wp:paragraph -->\n\n<!-- wp:paragraph -->\n<p style=\"text-align:justify;\">A partir da suspeita e testagem, o per\u00edodo de afastamento varia entre 7 e 14 dias corridos. Esse prazo est\u00e1 mais relacionado \u00e0 demora na entrega dos resultados do que aos sintomas.<\/p>\n<!-- \/wp:paragraph -->\n\n<!-- wp:paragraph -->\n<p style=\"text-align:justify;\">Entretanto, o atestado encerra exatamente na disponibiliza\u00e7\u00e3o do resultado negativo por parte do \u00f3rg\u00e3o de sa\u00fade.<\/p>\n<!-- \/wp:paragraph -->\n\n<!-- wp:paragraph -->\n<p style=\"text-align:justify;\">Para isso, a <a href=\"http:\/\/www.normaslegais.com.br\/legislacao\/lei13979_2020.htm\">Lei 13.979 de 2020<\/a> determina em seu artigo 3\u00ba no \u00a7 3\u00ba que ser\u00e1 considerada <em>&#8220;falta justificada ao servi\u00e7o p\u00fablico ou \u00e0 atividade laboral privada o per\u00edodo de aus\u00eancia decorrente das medidas previstas neste artigo.&#8221;<\/em><\/p>\n<!-- \/wp:paragraph -->\n\n<!-- wp:paragraph -->\n<p style=\"text-align:justify;\">Se o trabalhador n\u00e3o retornar imediatamente no recebimento do diagn\u00f3stico negativo, as faltas podem ser descontadas na Folha de Pagamento.<\/p>\n<!-- \/wp:paragraph -->\n\n<!-- wp:paragraph -->\n<p style=\"text-align:justify;\">Na hora de calcular as f\u00e9rias, as faltas podem reduzir o per\u00edodo de gozo. A partir de 5 faltas no per\u00edodo aquisitivo, mesmo que justificadas, <a href=\"https:\/\/www2.senado.leg.br\/bdsf\/bitstream\/handle\/id\/535468\/clt_e_normas_correlatas_1ed.pdf\">se houve desconto de vencimentos<\/a>, come\u00e7a o <a href=\"https:\/\/www.jornalcontabil.com.br\/clt-entenda-como-funciona-o-desconto-de-faltas-do-empregado-nas-ferias\/\">c\u00e1lculo de redu\u00e7\u00e3o proporcional<\/a>.<\/p>\n<!-- \/wp:paragraph -->\n\n<!-- wp:paragraph -->\n<p style=\"text-align:justify;\">Caso o colaborador tenha entre 6 e 14 faltas, por exemplo, o direito \u00e9 gozar 24 dias de f\u00e9rias e receber as verbas e 1\/3 proporcionais aos 24 dias.<\/p>\n<!-- \/wp:paragraph -->\n\n<!-- wp:paragraph -->\n<p style=\"text-align:justify;\">A partir do diagn\u00f3stico positivo, o trabalhador deve entregar o resultado \u00e0 empresa, mas o cumprimento dos 14 dias de isolamento sem preju\u00edzo das verbas depende do atestado m\u00e9dico integral, ou seja, para 14 dias.<\/p>\n<!-- \/wp:paragraph -->\n\n<!-- wp:paragraph -->\n<p style=\"text-align:justify;\">Por fim, se o atestado m\u00e9dico contempla um per\u00edodo menor do que 14 dias, o empregado deve procurar o servi\u00e7o de sa\u00fade e solicitar um novo documento.<\/p>\n\t\t\t\t\t\t\t\t<\/div>\n\t\t\t\t<\/div>\n\t\t\t\t<div class=\"elementor-element elementor-element-f6c667d elementor-widget elementor-widget-image\" data-id=\"f6c667d\" data-element_type=\"widget\" data-e-type=\"widget\" data-widget_type=\"image.default\">\n\t\t\t\t<div class=\"elementor-widget-container\">\n\t\t\t\t\t\t\t\t\t\t\t\t\t\t\t<img decoding=\"async\" width=\"800\" height=\"279\" src=\"https:\/\/www.pryorglobal.com\/wp-content\/uploads\/2020\/12\/Blog-20-\u2013-67.jpg\" class=\"attachment-large size-large wp-image-2372\" alt=\"\" srcset=\"https:\/\/www.pryorglobal.com\/wp-content\/uploads\/2020\/12\/Blog-20-\u2013-67.jpg 860w, https:\/\/www.pryorglobal.com\/wp-content\/uploads\/2020\/12\/Blog-20-\u2013-67-300x105.jpg 300w, https:\/\/www.pryorglobal.com\/wp-content\/uploads\/2020\/12\/Blog-20-\u2013-67-768x268.jpg 768w, https:\/\/www.pryorglobal.com\/wp-content\/uploads\/2020\/12\/Blog-20-\u2013-67-16x6.jpg 16w\" sizes=\"(max-width: 800px) 100vw, 800px\" \/>\t\t\t\t\t\t\t\t\t\t\t\t\t\t\t<\/div>\n\t\t\t\t<\/div>\n\t\t\t\t<div class=\"elementor-element elementor-element-8688360 elementor-widget elementor-widget-heading\" data-id=\"8688360\" data-element_type=\"widget\" data-e-type=\"widget\" data-widget_type=\"heading.default\">\n\t\t\t\t<div class=\"elementor-widget-container\">\n\t\t\t\t\t<h2 class=\"elementor-heading-title elementor-size-default\">Atestados m\u00e9dicos recorrentes<\/h2>\t\t\t\t<\/div>\n\t\t\t\t<\/div>\n\t\t\t\t<div class=\"elementor-element elementor-element-f160b1c elementor-widget elementor-widget-text-editor\" data-id=\"f160b1c\" data-element_type=\"widget\" data-e-type=\"widget\" data-widget_type=\"text-editor.default\">\n\t\t\t\t<div class=\"elementor-widget-container\">\n\t\t\t\t\t\t\t\t\t<!-- wp:paragraph -->\n<p style=\"text-align:justify;\">Diante da pandemia, pode surgir mais de uma vez a suspeita de contamina\u00e7\u00e3o para uma mesma pessoa.<\/p>\n<!-- \/wp:paragraph -->\n\n<!-- wp:paragraph -->\n<p style=\"text-align:justify;\">Nesse caso, os atestados m\u00e9dicos podem ser correlacionados. Se o trabalhador permanecer afastado por 15 dias e nos pr\u00f3ximos 60 dias de retorno afastar-se pela segunda vez por mais 15 dias, o aux\u00edlio-doen\u00e7a ser\u00e1 pago pelo INSS.<\/p>\n<!-- \/wp:paragraph -->\n\n<!-- wp:paragraph -->\n<p style=\"text-align:justify;\">\u00c9 muito importante manter-se atualizado sobre as mudan\u00e7as legislativas decorrentes da din\u00e2mica de trabalho. Para isso, voc\u00ea conta com a equipe de especialistas <a href=\"https:\/\/www.pryorglobal.com\/en\/pryor-systems\/\">Pryor Systems<\/a>.<\/p>\n<!-- \/wp:paragraph -->\n\n<!-- wp:paragraph -->\n<p style=\"text-align:justify;\">Nosso time preocupa-se com a Gest\u00e3o de Recursos Humanos muito al\u00e9m da Folha de Pagamento. Fale conosco e comprove.<\/p>\n<!-- \/wp:paragraph -->\t\t\t\t\t\t\t\t<\/div>\n\t\t\t\t<\/div>\n\t\t\t\t\t<\/div>\n\t\t<\/div>\n\t\t\t\t\t<\/div>\n\t\t<\/section>\n\t\t\t\t<\/div>","protected":false},"excerpt":{"rendered":"<p>Os atestados m\u00e9dicos referentes \u00e0 Covid-19 t\u00eam uma din\u00e2mica particular. A suspeita de contamina\u00e7\u00e3o surge a partir de alguns sintomas, por\u00e9m muitas vezes o diagn\u00f3stico \u00e9 negativo ap\u00f3s os exames. Saiba como funciona o afastamento nesse caso e como fica a Folha de Pagamento. Per\u00edodo de cobertura dos atestados m\u00e9dicos Os sintomas causados pelo coronav\u00edrus [&hellip;]<\/p>\n","protected":false},"author":10,"featured_media":2373,"comment_status":"open","ping_status":"closed","sticky":false,"template":"","format":"standard","meta":{"footnotes":""},"categories":[19],"tags":[79,86,78,77,84,83,81,82,85,80],"class_list":["post-2280","post","type-post","status-publish","format-standard","has-post-thumbnail","hentry","category-gestao-de-folha-de-pagamento","tag-afastamento-covid-19","tag-atestado-medico-pandemia","tag-atestado-para-covid-19","tag-atestados-medicos","tag-faltas-justificadas","tag-ferias-proporcionais","tag-folha-de-pagamento","tag-gestao-de-rh","tag-lei-13979","tag-o-que-devo-pagar-em-caso-de-afastamento-por-covid"],"yoast_head":"<!-- This site is optimized with the Yoast SEO plugin v27.4 - https:\/\/yoast.com\/product\/yoast-seo-wordpress\/ -->\n<title>Os atestados m\u00e9dicos no diagn\u00f3stico da Covid-19 - Pryor Global<\/title>\n<meta name=\"description\" content=\"Atestados m\u00e9dicos em caso de suspeita de Covid chegam a 14 dias. Em caso de resultado negativo, o trabalhador retorna imediatamente.\" \/>\n<meta name=\"robots\" content=\"index, follow, max-snippet:-1, max-image-preview:large, max-video-preview:-1\" \/>\n<link rel=\"canonical\" href=\"https:\/\/www.pryorglobal.com\/en\/os-atestados-medicos-no-diagnostico-da-covid-19\/\" \/>\n<meta property=\"og:locale\" content=\"en_US\" \/>\n<meta property=\"og:type\" content=\"article\" \/>\n<meta property=\"og:title\" content=\"Os atestados m\u00e9dicos no diagn\u00f3stico da Covid-19 - Pryor Global\" \/>\n<meta property=\"og:description\" content=\"Atestados m\u00e9dicos em caso de suspeita de Covid chegam a 14 dias. Em caso de resultado negativo, o trabalhador retorna imediatamente.\" \/>\n<meta property=\"og:url\" content=\"https:\/\/www.pryorglobal.com\/en\/os-atestados-medicos-no-diagnostico-da-covid-19\/\" \/>\n<meta property=\"og:site_name\" content=\"Pryor Global\" \/>\n<meta property=\"article:publisher\" content=\"https:\/\/www.facebook.com\/pryorglobal.oficial\/\" \/>\n<meta property=\"article:published_time\" content=\"2020-12-17T17:22:50+00:00\" \/>\n<meta property=\"article:modified_time\" content=\"2020-12-17T20:22:08+00:00\" \/>\n<meta property=\"og:image\" content=\"https:\/\/www.pryorglobal.com\/wp-content\/uploads\/2020\/12\/Blog-20-\u2013-59.jpg\" \/>\n\t<meta property=\"og:image:width\" content=\"340\" \/>\n\t<meta property=\"og:image:height\" content=\"228\" \/>\n\t<meta property=\"og:image:type\" content=\"image\/jpeg\" \/>\n<meta name=\"author\" content=\"prylocawp23 prylocawp23\" \/>\n<meta name=\"twitter:card\" content=\"summary_large_image\" \/>\n<meta name=\"twitter:label1\" content=\"Written by\" \/>\n\t<meta name=\"twitter:data1\" content=\"prylocawp23 prylocawp23\" \/>\n\t<meta name=\"twitter:label2\" content=\"Est. reading time\" \/>\n\t<meta name=\"twitter:data2\" content=\"3 minutes\" \/>\n<script type=\"application\/ld+json\" class=\"yoast-schema-graph\">{\"@context\":\"https:\\\/\\\/schema.org\",\"@graph\":[{\"@type\":\"Article\",\"@id\":\"https:\\\/\\\/www.pryorglobal.com\\\/os-atestados-medicos-no-diagnostico-da-covid-19\\\/#article\",\"isPartOf\":{\"@id\":\"https:\\\/\\\/www.pryorglobal.com\\\/os-atestados-medicos-no-diagnostico-da-covid-19\\\/\"},\"author\":{\"name\":\"prylocawp23 prylocawp23\",\"@id\":\"https:\\\/\\\/www.pryorglobal.com\\\/#\\\/schema\\\/person\\\/01971d5e12373439a945513cb647a0b9\"},\"headline\":\"Os atestados m\u00e9dicos no diagn\u00f3stico da Covid-19\",\"datePublished\":\"2020-12-17T17:22:50+00:00\",\"dateModified\":\"2020-12-17T20:22:08+00:00\",\"mainEntityOfPage\":{\"@id\":\"https:\\\/\\\/www.pryorglobal.com\\\/os-atestados-medicos-no-diagnostico-da-covid-19\\\/\"},\"wordCount\":544,\"commentCount\":0,\"publisher\":{\"@id\":\"https:\\\/\\\/www.pryorglobal.com\\\/#organization\"},\"image\":{\"@id\":\"https:\\\/\\\/www.pryorglobal.com\\\/os-atestados-medicos-no-diagnostico-da-covid-19\\\/#primaryimage\"},\"thumbnailUrl\":\"https:\\\/\\\/www.pryorglobal.com\\\/wp-content\\\/uploads\\\/2020\\\/12\\\/Blog-20-\u2013-59.jpg\",\"keywords\":[\"afastamento covid-19\",\"atestado m\u00e9dico pandemia\",\"atestado para covid-19\",\"atestados m\u00e9dicos\",\"faltas justificadas\",\"f\u00e9rias proporcionais\",\"folha de pagamento\",\"gest\u00e3o de rh\",\"lei 13979\",\"o que devo pagar em caso de afastamento por covid\"],\"articleSection\":[\"Gest\u00e3o de folha de pagamento\"],\"inLanguage\":\"en-US\",\"potentialAction\":[{\"@type\":\"CommentAction\",\"name\":\"Comment\",\"target\":[\"https:\\\/\\\/www.pryorglobal.com\\\/os-atestados-medicos-no-diagnostico-da-covid-19\\\/#respond\"]}]},{\"@type\":\"WebPage\",\"@id\":\"https:\\\/\\\/www.pryorglobal.com\\\/os-atestados-medicos-no-diagnostico-da-covid-19\\\/\",\"url\":\"https:\\\/\\\/www.pryorglobal.com\\\/os-atestados-medicos-no-diagnostico-da-covid-19\\\/\",\"name\":\"Os atestados m\u00e9dicos no diagn\u00f3stico da Covid-19 - Pryor Global\",\"isPartOf\":{\"@id\":\"https:\\\/\\\/www.pryorglobal.com\\\/#website\"},\"primaryImageOfPage\":{\"@id\":\"https:\\\/\\\/www.pryorglobal.com\\\/os-atestados-medicos-no-diagnostico-da-covid-19\\\/#primaryimage\"},\"image\":{\"@id\":\"https:\\\/\\\/www.pryorglobal.com\\\/os-atestados-medicos-no-diagnostico-da-covid-19\\\/#primaryimage\"},\"thumbnailUrl\":\"https:\\\/\\\/www.pryorglobal.com\\\/wp-content\\\/uploads\\\/2020\\\/12\\\/Blog-20-\u2013-59.jpg\",\"datePublished\":\"2020-12-17T17:22:50+00:00\",\"dateModified\":\"2020-12-17T20:22:08+00:00\",\"description\":\"Atestados m\u00e9dicos em caso de suspeita de Covid chegam a 14 dias. Em caso de resultado negativo, o trabalhador retorna imediatamente.\",\"breadcrumb\":{\"@id\":\"https:\\\/\\\/www.pryorglobal.com\\\/os-atestados-medicos-no-diagnostico-da-covid-19\\\/#breadcrumb\"},\"inLanguage\":\"en-US\",\"potentialAction\":[{\"@type\":\"ReadAction\",\"target\":[\"https:\\\/\\\/www.pryorglobal.com\\\/os-atestados-medicos-no-diagnostico-da-covid-19\\\/\"]}]},{\"@type\":\"ImageObject\",\"inLanguage\":\"en-US\",\"@id\":\"https:\\\/\\\/www.pryorglobal.com\\\/os-atestados-medicos-no-diagnostico-da-covid-19\\\/#primaryimage\",\"url\":\"https:\\\/\\\/www.pryorglobal.com\\\/wp-content\\\/uploads\\\/2020\\\/12\\\/Blog-20-\u2013-59.jpg\",\"contentUrl\":\"https:\\\/\\\/www.pryorglobal.com\\\/wp-content\\\/uploads\\\/2020\\\/12\\\/Blog-20-\u2013-59.jpg\",\"width\":340,\"height\":228},{\"@type\":\"BreadcrumbList\",\"@id\":\"https:\\\/\\\/www.pryorglobal.com\\\/os-atestados-medicos-no-diagnostico-da-covid-19\\\/#breadcrumb\",\"itemListElement\":[{\"@type\":\"ListItem\",\"position\":1,\"name\":\"In\u00edcio\",\"item\":\"https:\\\/\\\/www.pryorglobal.com\\\/\"},{\"@type\":\"ListItem\",\"position\":2,\"name\":\"Os atestados m\u00e9dicos no diagn\u00f3stico da Covid-19\"}]},{\"@type\":\"WebSite\",\"@id\":\"https:\\\/\\\/www.pryorglobal.com\\\/#website\",\"url\":\"https:\\\/\\\/www.pryorglobal.com\\\/\",\"name\":\"Pryor Global\",\"description\":\"\",\"publisher\":{\"@id\":\"https:\\\/\\\/www.pryorglobal.com\\\/#organization\"},\"potentialAction\":[{\"@type\":\"SearchAction\",\"target\":{\"@type\":\"EntryPoint\",\"urlTemplate\":\"https:\\\/\\\/www.pryorglobal.com\\\/?s={search_term_string}\"},\"query-input\":{\"@type\":\"PropertyValueSpecification\",\"valueRequired\":true,\"valueName\":\"search_term_string\"}}],\"inLanguage\":\"en-US\"},{\"@type\":\"Organization\",\"@id\":\"https:\\\/\\\/www.pryorglobal.com\\\/#organization\",\"name\":\"Pryor Global\",\"url\":\"https:\\\/\\\/www.pryorglobal.com\\\/\",\"logo\":{\"@type\":\"ImageObject\",\"inLanguage\":\"en-US\",\"@id\":\"https:\\\/\\\/www.pryorglobal.com\\\/#\\\/schema\\\/logo\\\/image\\\/\",\"url\":\"https:\\\/\\\/www.pryorglobal.com\\\/wp-content\\\/uploads\\\/2024\\\/09\\\/logo_pryor.svg\",\"contentUrl\":\"https:\\\/\\\/www.pryorglobal.com\\\/wp-content\\\/uploads\\\/2024\\\/09\\\/logo_pryor.svg\",\"caption\":\"Pryor Global\"},\"image\":{\"@id\":\"https:\\\/\\\/www.pryorglobal.com\\\/#\\\/schema\\\/logo\\\/image\\\/\"},\"sameAs\":[\"https:\\\/\\\/www.facebook.com\\\/pryorglobal.oficial\\\/\",\"https:\\\/\\\/www.instagram.com\\\/pryorglobal\\\/\",\"https:\\\/\\\/www.linkedin.com\\\/company\\\/pryorglobal\\\/\"]},{\"@type\":\"Person\",\"@id\":\"https:\\\/\\\/www.pryorglobal.com\\\/#\\\/schema\\\/person\\\/01971d5e12373439a945513cb647a0b9\",\"name\":\"prylocawp23 prylocawp23\",\"image\":{\"@type\":\"ImageObject\",\"inLanguage\":\"en-US\",\"@id\":\"https:\\\/\\\/secure.gravatar.com\\\/avatar\\\/de81a7a6ba6373eebbbc0ff939a766f2d8e173366b4612cbbb9b4c37c24b540b?s=96&d=mm&r=g\",\"url\":\"https:\\\/\\\/secure.gravatar.com\\\/avatar\\\/de81a7a6ba6373eebbbc0ff939a766f2d8e173366b4612cbbb9b4c37c24b540b?s=96&d=mm&r=g\",\"contentUrl\":\"https:\\\/\\\/secure.gravatar.com\\\/avatar\\\/de81a7a6ba6373eebbbc0ff939a766f2d8e173366b4612cbbb9b4c37c24b540b?s=96&d=mm&r=g\",\"caption\":\"prylocawp23 prylocawp23\"}}]}<\/script>\n<!-- \/ Yoast SEO plugin. -->","yoast_head_json":{"title":"Os atestados m\u00e9dicos no diagn\u00f3stico da Covid-19 - Pryor Global","description":"Atestados m\u00e9dicos em caso de suspeita de Covid chegam a 14 dias. Em caso de resultado negativo, o trabalhador retorna imediatamente.","robots":{"index":"index","follow":"follow","max-snippet":"max-snippet:-1","max-image-preview":"max-image-preview:large","max-video-preview":"max-video-preview:-1"},"canonical":"https:\/\/www.pryorglobal.com\/en\/os-atestados-medicos-no-diagnostico-da-covid-19\/","og_locale":"en_US","og_type":"article","og_title":"Os atestados m\u00e9dicos no diagn\u00f3stico da Covid-19 - Pryor Global","og_description":"Atestados m\u00e9dicos em caso de suspeita de Covid chegam a 14 dias. Em caso de resultado negativo, o trabalhador retorna imediatamente.","og_url":"https:\/\/www.pryorglobal.com\/en\/os-atestados-medicos-no-diagnostico-da-covid-19\/","og_site_name":"Pryor Global","article_publisher":"https:\/\/www.facebook.com\/pryorglobal.oficial\/","article_published_time":"2020-12-17T17:22:50+00:00","article_modified_time":"2020-12-17T20:22:08+00:00","og_image":[{"width":340,"height":228,"url":"https:\/\/www.pryorglobal.com\/wp-content\/uploads\/2020\/12\/Blog-20-\u2013-59.jpg","type":"image\/jpeg"}],"author":"prylocawp23 prylocawp23","twitter_card":"summary_large_image","twitter_misc":{"Written by":"prylocawp23 prylocawp23","Est. reading time":"3 minutes"},"schema":{"@context":"https:\/\/schema.org","@graph":[{"@type":"Article","@id":"https:\/\/www.pryorglobal.com\/os-atestados-medicos-no-diagnostico-da-covid-19\/#article","isPartOf":{"@id":"https:\/\/www.pryorglobal.com\/os-atestados-medicos-no-diagnostico-da-covid-19\/"},"author":{"name":"prylocawp23 prylocawp23","@id":"https:\/\/www.pryorglobal.com\/#\/schema\/person\/01971d5e12373439a945513cb647a0b9"},"headline":"Os atestados m\u00e9dicos no diagn\u00f3stico da Covid-19","datePublished":"2020-12-17T17:22:50+00:00","dateModified":"2020-12-17T20:22:08+00:00","mainEntityOfPage":{"@id":"https:\/\/www.pryorglobal.com\/os-atestados-medicos-no-diagnostico-da-covid-19\/"},"wordCount":544,"commentCount":0,"publisher":{"@id":"https:\/\/www.pryorglobal.com\/#organization"},"image":{"@id":"https:\/\/www.pryorglobal.com\/os-atestados-medicos-no-diagnostico-da-covid-19\/#primaryimage"},"thumbnailUrl":"https:\/\/www.pryorglobal.com\/wp-content\/uploads\/2020\/12\/Blog-20-\u2013-59.jpg","keywords":["afastamento covid-19","atestado m\u00e9dico pandemia","atestado para covid-19","atestados m\u00e9dicos","faltas justificadas","f\u00e9rias proporcionais","folha de pagamento","gest\u00e3o de rh","lei 13979","o que devo pagar em caso de afastamento por covid"],"articleSection":["Gest\u00e3o de folha de pagamento"],"inLanguage":"en-US","potentialAction":[{"@type":"CommentAction","name":"Comment","target":["https:\/\/www.pryorglobal.com\/os-atestados-medicos-no-diagnostico-da-covid-19\/#respond"]}]},{"@type":"WebPage","@id":"https:\/\/www.pryorglobal.com\/os-atestados-medicos-no-diagnostico-da-covid-19\/","url":"https:\/\/www.pryorglobal.com\/os-atestados-medicos-no-diagnostico-da-covid-19\/","name":"Os atestados m\u00e9dicos no diagn\u00f3stico da Covid-19 - Pryor Global","isPartOf":{"@id":"https:\/\/www.pryorglobal.com\/#website"},"primaryImageOfPage":{"@id":"https:\/\/www.pryorglobal.com\/os-atestados-medicos-no-diagnostico-da-covid-19\/#primaryimage"},"image":{"@id":"https:\/\/www.pryorglobal.com\/os-atestados-medicos-no-diagnostico-da-covid-19\/#primaryimage"},"thumbnailUrl":"https:\/\/www.pryorglobal.com\/wp-content\/uploads\/2020\/12\/Blog-20-\u2013-59.jpg","datePublished":"2020-12-17T17:22:50+00:00","dateModified":"2020-12-17T20:22:08+00:00","description":"Atestados m\u00e9dicos em caso de suspeita de Covid chegam a 14 dias. Em caso de resultado negativo, o trabalhador retorna imediatamente.","breadcrumb":{"@id":"https:\/\/www.pryorglobal.com\/os-atestados-medicos-no-diagnostico-da-covid-19\/#breadcrumb"},"inLanguage":"en-US","potentialAction":[{"@type":"ReadAction","target":["https:\/\/www.pryorglobal.com\/os-atestados-medicos-no-diagnostico-da-covid-19\/"]}]},{"@type":"ImageObject","inLanguage":"en-US","@id":"https:\/\/www.pryorglobal.com\/os-atestados-medicos-no-diagnostico-da-covid-19\/#primaryimage","url":"https:\/\/www.pryorglobal.com\/wp-content\/uploads\/2020\/12\/Blog-20-\u2013-59.jpg","contentUrl":"https:\/\/www.pryorglobal.com\/wp-content\/uploads\/2020\/12\/Blog-20-\u2013-59.jpg","width":340,"height":228},{"@type":"BreadcrumbList","@id":"https:\/\/www.pryorglobal.com\/os-atestados-medicos-no-diagnostico-da-covid-19\/#breadcrumb","itemListElement":[{"@type":"ListItem","position":1,"name":"In\u00edcio","item":"https:\/\/www.pryorglobal.com\/"},{"@type":"ListItem","position":2,"name":"Os atestados m\u00e9dicos no diagn\u00f3stico da Covid-19"}]},{"@type":"WebSite","@id":"https:\/\/www.pryorglobal.com\/#website","url":"https:\/\/www.pryorglobal.com\/","name":"Pryor Global","description":"","publisher":{"@id":"https:\/\/www.pryorglobal.com\/#organization"},"potentialAction":[{"@type":"SearchAction","target":{"@type":"EntryPoint","urlTemplate":"https:\/\/www.pryorglobal.com\/?s={search_term_string}"},"query-input":{"@type":"PropertyValueSpecification","valueRequired":true,"valueName":"search_term_string"}}],"inLanguage":"en-US"},{"@type":"Organization","@id":"https:\/\/www.pryorglobal.com\/#organization","name":"Pryor Global","url":"https:\/\/www.pryorglobal.com\/","logo":{"@type":"ImageObject","inLanguage":"en-US","@id":"https:\/\/www.pryorglobal.com\/#\/schema\/logo\/image\/","url":"https:\/\/www.pryorglobal.com\/wp-content\/uploads\/2024\/09\/logo_pryor.svg","contentUrl":"https:\/\/www.pryorglobal.com\/wp-content\/uploads\/2024\/09\/logo_pryor.svg","caption":"Pryor Global"},"image":{"@id":"https:\/\/www.pryorglobal.com\/#\/schema\/logo\/image\/"},"sameAs":["https:\/\/www.facebook.com\/pryorglobal.oficial\/","https:\/\/www.instagram.com\/pryorglobal\/","https:\/\/www.linkedin.com\/company\/pryorglobal\/"]},{"@type":"Person","@id":"https:\/\/www.pryorglobal.com\/#\/schema\/person\/01971d5e12373439a945513cb647a0b9","name":"prylocawp23 prylocawp23","image":{"@type":"ImageObject","inLanguage":"en-US","@id":"https:\/\/secure.gravatar.com\/avatar\/de81a7a6ba6373eebbbc0ff939a766f2d8e173366b4612cbbb9b4c37c24b540b?s=96&d=mm&r=g","url":"https:\/\/secure.gravatar.com\/avatar\/de81a7a6ba6373eebbbc0ff939a766f2d8e173366b4612cbbb9b4c37c24b540b?s=96&d=mm&r=g","contentUrl":"https:\/\/secure.gravatar.com\/avatar\/de81a7a6ba6373eebbbc0ff939a766f2d8e173366b4612cbbb9b4c37c24b540b?s=96&d=mm&r=g","caption":"prylocawp23 prylocawp23"}}]}},"_links":{"self":[{"href":"https:\/\/www.pryorglobal.com\/en\/wp-json\/wp\/v2\/posts\/2280","targetHints":{"allow":["GET"]}}],"collection":[{"href":"https:\/\/www.pryorglobal.com\/en\/wp-json\/wp\/v2\/posts"}],"about":[{"href":"https:\/\/www.pryorglobal.com\/en\/wp-json\/wp\/v2\/types\/post"}],"author":[{"embeddable":true,"href":"https:\/\/www.pryorglobal.com\/en\/wp-json\/wp\/v2\/users\/10"}],"replies":[{"embeddable":true,"href":"https:\/\/www.pryorglobal.com\/en\/wp-json\/wp\/v2\/comments?post=2280"}],"version-history":[{"count":0,"href":"https:\/\/www.pryorglobal.com\/en\/wp-json\/wp\/v2\/posts\/2280\/revisions"}],"wp:featuredmedia":[{"embeddable":true,"href":"https:\/\/www.pryorglobal.com\/en\/wp-json\/wp\/v2\/media\/2373"}],"wp:attachment":[{"href":"https:\/\/www.pryorglobal.com\/en\/wp-json\/wp\/v2\/media?parent=2280"}],"wp:term":[{"taxonomy":"category","embeddable":true,"href":"https:\/\/www.pryorglobal.com\/en\/wp-json\/wp\/v2\/categories?post=2280"},{"taxonomy":"post_tag","embeddable":true,"href":"https:\/\/www.pryorglobal.com\/en\/wp-json\/wp\/v2\/tags?post=2280"}],"curies":[{"name":"wp","href":"https:\/\/api.w.org\/{rel}","templated":true}]}}