{"id":15845,"date":"2025-10-30T16:28:02","date_gmt":"2025-10-30T19:28:02","guid":{"rendered":"https:\/\/www.pryorglobal.com\/?p=15845"},"modified":"2025-10-30T16:40:20","modified_gmt":"2025-10-30T19:40:20","slug":"do-papel-ao-digital-a-modernizacao-dos-processos-paralegais-no-contexto-do-governo-eletronico","status":"publish","type":"post","link":"https:\/\/www.pryorglobal.com\/en\/do-papel-ao-digital-a-modernizacao-dos-processos-paralegais-no-contexto-do-governo-eletronico\/","title":{"rendered":"From paper to digital: the modernization of paralegal processes in the context of e-government"},"content":{"rendered":"<div data-elementor-type=\"wp-post\" data-elementor-id=\"15845\" class=\"elementor elementor-15845\" data-elementor-post-type=\"post\">\n\t\t\t\t\t\t<section class=\"elementor-section elementor-top-section elementor-element elementor-element-4f2b404 elementor-section-boxed elementor-section-height-default elementor-section-height-default\" data-id=\"4f2b404\" data-element_type=\"section\" data-e-type=\"section\" data-no-translation=\"\">\n\t\t\t\t\t\t<div class=\"elementor-container elementor-column-gap-default\">\n\t\t\t\t\t<div class=\"elementor-column elementor-col-100 elementor-top-column elementor-element elementor-element-9c281a5\" data-id=\"9c281a5\" data-element_type=\"column\" data-e-type=\"column\">\n\t\t\t<div class=\"elementor-widget-wrap elementor-element-populated\">\n\t\t\t\t\t\t<div class=\"elementor-element elementor-element-cbf0b03 elementor-widget elementor-widget-text-editor\" data-id=\"cbf0b03\" data-element_type=\"widget\" data-e-type=\"widget\" data-widget_type=\"text-editor.default\">\n\t\t\t\t<div class=\"elementor-widget-container\">\n\t\t\t\t\t\t\t\t\t<p><strong>Digital transformation <\/strong>has reshaped various sectors of the economy, bringing greater efficiency, agility, and transparency to processes that were previously exclusively manual and bureaucratic. In Brazil, this change has intensified in recent years, impacting both public agencies and private companies, which need to adapt quickly to keep up with new market demands.<\/p>\t\t\t\t\t\t\t\t<\/div>\n\t\t\t\t<\/div>\n\t\t\t\t<div class=\"elementor-element elementor-element-830e89a elementor-widget elementor-widget-image\" data-id=\"830e89a\" data-element_type=\"widget\" data-e-type=\"widget\" data-widget_type=\"image.default\">\n\t\t\t\t<div class=\"elementor-widget-container\">\n\t\t\t\t\t\t\t\t\t\t\t\t\t\t\t<img decoding=\"async\" src=\"https:\/\/www.pryorglobal.com\/wp-content\/uploads\/2025\/10\/Imagem-1-com-o-logo-.png\" title=\"Imagem 1 com o logo\" alt=\"Imagem 1 com o logo\" loading=\"lazy\" \/>\t\t\t\t\t\t\t\t\t\t\t\t\t\t\t<\/div>\n\t\t\t\t<\/div>\n\t\t\t\t<div class=\"elementor-element elementor-element-09c3368 elementor-widget elementor-widget-text-editor\" data-id=\"09c3368\" data-element_type=\"widget\" data-e-type=\"widget\" data-widget_type=\"text-editor.default\">\n\t\t\t\t<div class=\"elementor-widget-container\">\n\t\t\t\t\t\t\t\t\t<p>In August of this year, the Ministry of Management and Innovation in Public Services (MGI) announced that, <a href=\"https:\/\/www.gov.br\/gestao\/pt-br\/assuntos\/gestaoeinovacao\/informacoes-sistemas-e-servicos-de-gestao\/processo-eletronico-nacional\/noticias\/2025\/iniciativa-do-mgi-em-parceria-com-estados-e-municipios-ultrapassa-52-milhoes-de-processos-digitais-gerados?utm_source=chatgpt.com\">since the launch of the National Electronic Process Program (ProPEN), more than 52 million digital processes have been generated in partnership with states and municipalities<\/a>. The initiative highlights how digitization can increase efficiency, reduce costs, and promote greater transparency in complex administrative procedures.<\/p><p>In the corporate context, <a href=\"https:\/\/www.gov.br\/mdic\/pt-br\/assuntos\/noticias\/2023\/agosto\/juntas-comerciais-adotam-assinatura-gov-br-e-facilitam-a-vida-de-empresarios?utm_source=chatgpt.com\">all Brazilian Commercial Registries have adopted the GOV.BR Electronic Signature service since 2013<\/a>, allowing for the fully digital formalization of documents such as articles of incorporation and corporate amendments. This evolution has modernized corporate procedures, making the work of companies and paralegals who deal with registrations and contractual amendments more agile and secure.<\/p><p>With this digitization, <strong>paralegals<\/strong> have taken on a new strategic role. Tasks such as <strong>company registration, contractual changes, and issuing certificates<\/strong> \u2013 which previously required travel and large amounts of paper \u2013 are now performed digitally. This requires professionals who are able to master technological tools and adapt to increasingly integrated workflows.<\/p><p>For companies, the benefits are clear. Electronic processing reduces the time required for protocols, registrations, and contractual changes, while digital signature and encryption systems ensure document authenticity and integrity, minimizing operational and legal risks.<\/p>\t\t\t\t\t\t\t\t<\/div>\n\t\t\t\t<\/div>\n\t\t\t\t<div class=\"elementor-element elementor-element-80ce6c1 elementor-widget elementor-widget-image\" data-id=\"80ce6c1\" data-element_type=\"widget\" data-e-type=\"widget\" data-widget_type=\"image.default\">\n\t\t\t\t<div class=\"elementor-widget-container\">\n\t\t\t\t\t\t\t\t\t\t\t\t\t\t\t<img fetchpriority=\"high\" decoding=\"async\" width=\"800\" height=\"279\" src=\"https:\/\/www.pryorglobal.com\/wp-content\/uploads\/2025\/10\/Imagem-2-com-o-logo.png\" class=\"attachment-large size-large wp-image-15847\" alt=\"\" srcset=\"https:\/\/www.pryorglobal.com\/wp-content\/uploads\/2025\/10\/Imagem-2-com-o-logo.png 860w, https:\/\/www.pryorglobal.com\/wp-content\/uploads\/2025\/10\/Imagem-2-com-o-logo-300x105.png 300w, https:\/\/www.pryorglobal.com\/wp-content\/uploads\/2025\/10\/Imagem-2-com-o-logo-768x268.png 768w, https:\/\/www.pryorglobal.com\/wp-content\/uploads\/2025\/10\/Imagem-2-com-o-logo-18x6.png 18w\" sizes=\"(max-width: 800px) 100vw, 800px\" \/>\t\t\t\t\t\t\t\t\t\t\t\t\t\t\t<\/div>\n\t\t\t\t<\/div>\n\t\t\t\t<div class=\"elementor-element elementor-element-c742e29 elementor-widget elementor-widget-text-editor\" data-id=\"c742e29\" data-element_type=\"widget\" data-e-type=\"widget\" data-no-translation=\"\" data-widget_type=\"text-editor.default\">\n\t\t\t\t<div class=\"elementor-widget-container\">\n\t\t\t\t\t\t\t\t\t<p>The trend is for this movement to continue expanding. The president of the National Federation of Commercial Boards (FENAJU), Greg\u00f3ria Ben\u00e1rio, recently pointed out that <a href=\"https:\/\/www.jucems.ms.gov.br\/juntas-comerciais-assumem-papel-de-motores-da-transformacao-digital-na-gestao-publica-diz-presidente-da-fenaju\/?utm_source=chatgpt.com\">the Boards have been taking on the role of \u201cdrivers of digital transformation\u201d in public management, driving changes in state, municipal, and federal agencies<\/a>.<\/p><p>According to her, this advance reflects a growing demand for agility, security, and transparency in company registration and management procedures \u2013 a path of no return that directly influences the private sector, especially in the legal and corporate areas.<\/p><p>In this scenario, having specialized partners is essential. <strong>Pryor Global<\/strong> acts as a strategic partner for national and international companies, offering solutions that combine technology, legal expertise, and highly qualified paralegal services. With a team prepared to operate in digital environments, Pryor ensures that all corporate processes are conducted in an agile, secure, and 100% digital manner.<\/p><p>This allows our clients to keep pace with technological developments in the market, ensure regulatory compliance, and focus their efforts on strategic decisions\u2014efficiently and confidently.<\/p><p>Want to become a Pryor client? Contact our Paralegal team.<\/p>\t\t\t\t\t\t\t\t<\/div>\n\t\t\t\t<\/div>\n\t\t\t\t\t<\/div>\n\t\t<\/div>\n\t\t\t\t\t<\/div>\n\t\t<\/section>\n\t\t\t\t<\/div>","protected":false},"excerpt":{"rendered":"<p>Digital transformation has reshaped various sectors of the economy, bringing greater efficiency, agility, and transparency to processes that were previously exclusively manual and bureaucratic.<\/p>","protected":false},"author":12,"featured_media":15848,"comment_status":"open","ping_status":"closed","sticky":false,"template":"","format":"standard","meta":{"footnotes":""},"categories":[288],"tags":[],"class_list":["post-15845","post","type-post","status-publish","format-standard","has-post-thumbnail","hentry","category-paralegal"],"yoast_head":"<!-- This site is optimized with the Yoast SEO plugin v27.4 - https:\/\/yoast.com\/product\/yoast-seo-wordpress\/ -->\n<title>Do papel ao Digital: a moderniza\u00e7\u00e3o dos processos paralegais no contexto do governo eletr\u00f4nico<\/title>\n<meta name=\"description\" content=\"A transforma\u00e7\u00e3o digital tem reconfigurado diversos setores da economia, trazendo mais efici\u00eancia, agilidade e transpar\u00eancia para processos que antes eram exclusivamente manuais e burocr\u00e1ticos. No Brasil, essa mudan\u00e7a vem se intensificando nos \u00faltimos anos, impactando tanto \u00f3rg\u00e3os p\u00fablicos quanto empresas privadas, que precisam se adaptar rapidamente para acompanhar as novas demandas do mercado.\" \/>\n<meta name=\"robots\" content=\"noindex, follow\" \/>\n<meta property=\"og:locale\" content=\"en_US\" \/>\n<meta property=\"og:type\" content=\"article\" \/>\n<meta property=\"og:title\" content=\"Do papel ao Digital: a moderniza\u00e7\u00e3o dos processos paralegais no contexto do governo eletr\u00f4nico\" \/>\n<meta property=\"og:description\" content=\"A transforma\u00e7\u00e3o digital tem reconfigurado diversos setores da economia, trazendo mais efici\u00eancia, agilidade e transpar\u00eancia para processos que antes eram exclusivamente manuais e burocr\u00e1ticos. No Brasil, essa mudan\u00e7a vem se intensificando nos \u00faltimos anos, impactando tanto \u00f3rg\u00e3os p\u00fablicos quanto empresas privadas, que precisam se adaptar rapidamente para acompanhar as novas demandas do mercado.\" \/>\n<meta property=\"og:url\" content=\"https:\/\/www.pryorglobal.com\/en\/do-papel-ao-digital-a-modernizacao-dos-processos-paralegais-no-contexto-do-governo-eletronico\/\" \/>\n<meta property=\"og:site_name\" content=\"Pryor Global\" \/>\n<meta property=\"article:publisher\" content=\"https:\/\/www.facebook.com\/pryorglobal.oficial\/\" \/>\n<meta property=\"article:published_time\" content=\"2025-10-30T19:28:02+00:00\" \/>\n<meta property=\"article:modified_time\" content=\"2025-10-30T19:40:20+00:00\" \/>\n<meta property=\"og:image\" content=\"https:\/\/www.pryorglobal.com\/wp-content\/uploads\/2025\/10\/pessoas-de-negocios-que-trabalham-usando-tecnologia-para-se-conectar-com-outras-pessoas-scaled.jpg\" \/>\n\t<meta property=\"og:image:width\" content=\"2560\" \/>\n\t<meta property=\"og:image:height\" content=\"1707\" \/>\n\t<meta property=\"og:image:type\" content=\"image\/jpeg\" \/>\n<meta name=\"author\" content=\"Mariana Pascoal\" \/>\n<meta name=\"twitter:card\" content=\"summary_large_image\" \/>\n<meta name=\"twitter:label1\" content=\"Written by\" \/>\n\t<meta name=\"twitter:data1\" content=\"Mariana Pascoal\" \/>\n\t<meta name=\"twitter:label2\" content=\"Est. reading time\" \/>\n\t<meta name=\"twitter:data2\" content=\"6 minutes\" \/>\n<script type=\"application\/ld+json\" class=\"yoast-schema-graph\">{\"@context\":\"https:\\\/\\\/schema.org\",\"@graph\":[{\"@type\":\"Article\",\"@id\":\"https:\\\/\\\/www.pryorglobal.com\\\/do-papel-ao-digital-a-modernizacao-dos-processos-paralegais-no-contexto-do-governo-eletronico\\\/#article\",\"isPartOf\":{\"@id\":\"https:\\\/\\\/www.pryorglobal.com\\\/do-papel-ao-digital-a-modernizacao-dos-processos-paralegais-no-contexto-do-governo-eletronico\\\/\"},\"author\":{\"name\":\"Mariana Pascoal\",\"@id\":\"https:\\\/\\\/www.pryorglobal.com\\\/#\\\/schema\\\/person\\\/0909774819a055291ed35ca20974a511\"},\"headline\":\"Do papel ao Digital: a moderniza\u00e7\u00e3o dos processos paralegais no contexto do governo eletr\u00f4nico\",\"datePublished\":\"2025-10-30T19:28:02+00:00\",\"dateModified\":\"2025-10-30T19:40:20+00:00\",\"mainEntityOfPage\":{\"@id\":\"https:\\\/\\\/www.pryorglobal.com\\\/do-papel-ao-digital-a-modernizacao-dos-processos-paralegais-no-contexto-do-governo-eletronico\\\/\"},\"wordCount\":961,\"commentCount\":0,\"publisher\":{\"@id\":\"https:\\\/\\\/www.pryorglobal.com\\\/#organization\"},\"image\":{\"@id\":\"https:\\\/\\\/www.pryorglobal.com\\\/do-papel-ao-digital-a-modernizacao-dos-processos-paralegais-no-contexto-do-governo-eletronico\\\/#primaryimage\"},\"thumbnailUrl\":\"https:\\\/\\\/www.pryorglobal.com\\\/wp-content\\\/uploads\\\/2025\\\/10\\\/pessoas-de-negocios-que-trabalham-usando-tecnologia-para-se-conectar-com-outras-pessoas-scaled.jpg\",\"articleSection\":[\"Paralegal\"],\"inLanguage\":\"en-US\",\"potentialAction\":[{\"@type\":\"CommentAction\",\"name\":\"Comment\",\"target\":[\"https:\\\/\\\/www.pryorglobal.com\\\/do-papel-ao-digital-a-modernizacao-dos-processos-paralegais-no-contexto-do-governo-eletronico\\\/#respond\"]}]},{\"@type\":\"WebPage\",\"@id\":\"https:\\\/\\\/www.pryorglobal.com\\\/do-papel-ao-digital-a-modernizacao-dos-processos-paralegais-no-contexto-do-governo-eletronico\\\/\",\"url\":\"https:\\\/\\\/www.pryorglobal.com\\\/do-papel-ao-digital-a-modernizacao-dos-processos-paralegais-no-contexto-do-governo-eletronico\\\/\",\"name\":\"Do papel ao Digital: a moderniza\u00e7\u00e3o dos processos paralegais no contexto do governo eletr\u00f4nico\",\"isPartOf\":{\"@id\":\"https:\\\/\\\/www.pryorglobal.com\\\/#website\"},\"primaryImageOfPage\":{\"@id\":\"https:\\\/\\\/www.pryorglobal.com\\\/do-papel-ao-digital-a-modernizacao-dos-processos-paralegais-no-contexto-do-governo-eletronico\\\/#primaryimage\"},\"image\":{\"@id\":\"https:\\\/\\\/www.pryorglobal.com\\\/do-papel-ao-digital-a-modernizacao-dos-processos-paralegais-no-contexto-do-governo-eletronico\\\/#primaryimage\"},\"thumbnailUrl\":\"https:\\\/\\\/www.pryorglobal.com\\\/wp-content\\\/uploads\\\/2025\\\/10\\\/pessoas-de-negocios-que-trabalham-usando-tecnologia-para-se-conectar-com-outras-pessoas-scaled.jpg\",\"datePublished\":\"2025-10-30T19:28:02+00:00\",\"dateModified\":\"2025-10-30T19:40:20+00:00\",\"description\":\"A transforma\u00e7\u00e3o digital tem reconfigurado diversos setores da economia, trazendo mais efici\u00eancia, agilidade e transpar\u00eancia para processos que antes eram exclusivamente manuais e burocr\u00e1ticos. No Brasil, essa mudan\u00e7a vem se intensificando nos \u00faltimos anos, impactando tanto \u00f3rg\u00e3os p\u00fablicos quanto empresas privadas, que precisam se adaptar rapidamente para acompanhar as novas demandas do mercado.\",\"breadcrumb\":{\"@id\":\"https:\\\/\\\/www.pryorglobal.com\\\/do-papel-ao-digital-a-modernizacao-dos-processos-paralegais-no-contexto-do-governo-eletronico\\\/#breadcrumb\"},\"inLanguage\":\"en-US\",\"potentialAction\":[{\"@type\":\"ReadAction\",\"target\":[\"https:\\\/\\\/www.pryorglobal.com\\\/do-papel-ao-digital-a-modernizacao-dos-processos-paralegais-no-contexto-do-governo-eletronico\\\/\"]}]},{\"@type\":\"ImageObject\",\"inLanguage\":\"en-US\",\"@id\":\"https:\\\/\\\/www.pryorglobal.com\\\/do-papel-ao-digital-a-modernizacao-dos-processos-paralegais-no-contexto-do-governo-eletronico\\\/#primaryimage\",\"url\":\"https:\\\/\\\/www.pryorglobal.com\\\/wp-content\\\/uploads\\\/2025\\\/10\\\/pessoas-de-negocios-que-trabalham-usando-tecnologia-para-se-conectar-com-outras-pessoas-scaled.jpg\",\"contentUrl\":\"https:\\\/\\\/www.pryorglobal.com\\\/wp-content\\\/uploads\\\/2025\\\/10\\\/pessoas-de-negocios-que-trabalham-usando-tecnologia-para-se-conectar-com-outras-pessoas-scaled.jpg\",\"width\":2560,\"height\":1707},{\"@type\":\"BreadcrumbList\",\"@id\":\"https:\\\/\\\/www.pryorglobal.com\\\/do-papel-ao-digital-a-modernizacao-dos-processos-paralegais-no-contexto-do-governo-eletronico\\\/#breadcrumb\",\"itemListElement\":[{\"@type\":\"ListItem\",\"position\":1,\"name\":\"In\u00edcio\",\"item\":\"https:\\\/\\\/www.pryorglobal.com\\\/\"},{\"@type\":\"ListItem\",\"position\":2,\"name\":\"Do papel ao Digital: a moderniza\u00e7\u00e3o dos processos paralegais no contexto do governo eletr\u00f4nico\"}]},{\"@type\":\"WebSite\",\"@id\":\"https:\\\/\\\/www.pryorglobal.com\\\/#website\",\"url\":\"https:\\\/\\\/www.pryorglobal.com\\\/\",\"name\":\"Pryor Global\",\"description\":\"\",\"publisher\":{\"@id\":\"https:\\\/\\\/www.pryorglobal.com\\\/#organization\"},\"potentialAction\":[{\"@type\":\"SearchAction\",\"target\":{\"@type\":\"EntryPoint\",\"urlTemplate\":\"https:\\\/\\\/www.pryorglobal.com\\\/?s={search_term_string}\"},\"query-input\":{\"@type\":\"PropertyValueSpecification\",\"valueRequired\":true,\"valueName\":\"search_term_string\"}}],\"inLanguage\":\"en-US\"},{\"@type\":\"Organization\",\"@id\":\"https:\\\/\\\/www.pryorglobal.com\\\/#organization\",\"name\":\"Pryor Global\",\"url\":\"https:\\\/\\\/www.pryorglobal.com\\\/\",\"logo\":{\"@type\":\"ImageObject\",\"inLanguage\":\"en-US\",\"@id\":\"https:\\\/\\\/www.pryorglobal.com\\\/#\\\/schema\\\/logo\\\/image\\\/\",\"url\":\"https:\\\/\\\/www.pryorglobal.com\\\/wp-content\\\/uploads\\\/2024\\\/09\\\/logo_pryor.svg\",\"contentUrl\":\"https:\\\/\\\/www.pryorglobal.com\\\/wp-content\\\/uploads\\\/2024\\\/09\\\/logo_pryor.svg\",\"caption\":\"Pryor Global\"},\"image\":{\"@id\":\"https:\\\/\\\/www.pryorglobal.com\\\/#\\\/schema\\\/logo\\\/image\\\/\"},\"sameAs\":[\"https:\\\/\\\/www.facebook.com\\\/pryorglobal.oficial\\\/\",\"https:\\\/\\\/www.instagram.com\\\/pryorglobal\\\/\",\"https:\\\/\\\/www.linkedin.com\\\/company\\\/pryorglobal\\\/\"]},{\"@type\":\"Person\",\"@id\":\"https:\\\/\\\/www.pryorglobal.com\\\/#\\\/schema\\\/person\\\/0909774819a055291ed35ca20974a511\",\"name\":\"Mariana Pascoal\",\"image\":{\"@type\":\"ImageObject\",\"inLanguage\":\"en-US\",\"@id\":\"https:\\\/\\\/secure.gravatar.com\\\/avatar\\\/c57f11363e20c442613118eceadef86d0ac7b7171a7dff35b48b8ca41dd1d23c?s=96&d=mm&r=g\",\"url\":\"https:\\\/\\\/secure.gravatar.com\\\/avatar\\\/c57f11363e20c442613118eceadef86d0ac7b7171a7dff35b48b8ca41dd1d23c?s=96&d=mm&r=g\",\"contentUrl\":\"https:\\\/\\\/secure.gravatar.com\\\/avatar\\\/c57f11363e20c442613118eceadef86d0ac7b7171a7dff35b48b8ca41dd1d23c?s=96&d=mm&r=g\",\"caption\":\"Mariana Pascoal\"}}]}<\/script>\n<!-- \/ Yoast SEO plugin. -->","yoast_head_json":{"title":"From paper to digital: the modernization of paralegal processes in the context of e-government","description":"Digital transformation has reshaped various sectors of the economy, bringing greater efficiency, agility, and transparency to processes that were previously exclusively manual and bureaucratic.","robots":{"index":"noindex","follow":"follow"},"og_locale":"en_US","og_type":"article","og_title":"Do papel ao Digital: a moderniza\u00e7\u00e3o dos processos paralegais no contexto do governo eletr\u00f4nico","og_description":"A transforma\u00e7\u00e3o digital tem reconfigurado diversos setores da economia, trazendo mais efici\u00eancia, agilidade e transpar\u00eancia para processos que antes eram exclusivamente manuais e burocr\u00e1ticos. No Brasil, essa mudan\u00e7a vem se intensificando nos \u00faltimos anos, impactando tanto \u00f3rg\u00e3os p\u00fablicos quanto empresas privadas, que precisam se adaptar rapidamente para acompanhar as novas demandas do mercado.","og_url":"https:\/\/www.pryorglobal.com\/en\/do-papel-ao-digital-a-modernizacao-dos-processos-paralegais-no-contexto-do-governo-eletronico\/","og_site_name":"Pryor Global","article_publisher":"https:\/\/www.facebook.com\/pryorglobal.oficial\/","article_published_time":"2025-10-30T19:28:02+00:00","article_modified_time":"2025-10-30T19:40:20+00:00","og_image":[{"width":2560,"height":1707,"url":"https:\/\/www.pryorglobal.com\/wp-content\/uploads\/2025\/10\/pessoas-de-negocios-que-trabalham-usando-tecnologia-para-se-conectar-com-outras-pessoas-scaled.jpg","type":"image\/jpeg"}],"author":"Mariana Pascoal","twitter_card":"summary_large_image","twitter_misc":{"Written by":"Mariana Pascoal","Est. reading time":"6 minutes"},"schema":{"@context":"https:\/\/schema.org","@graph":[{"@type":"Article","@id":"https:\/\/www.pryorglobal.com\/do-papel-ao-digital-a-modernizacao-dos-processos-paralegais-no-contexto-do-governo-eletronico\/#article","isPartOf":{"@id":"https:\/\/www.pryorglobal.com\/do-papel-ao-digital-a-modernizacao-dos-processos-paralegais-no-contexto-do-governo-eletronico\/"},"author":{"name":"Mariana Pascoal","@id":"https:\/\/www.pryorglobal.com\/#\/schema\/person\/0909774819a055291ed35ca20974a511"},"headline":"Do papel ao Digital: a moderniza\u00e7\u00e3o dos processos paralegais no contexto do governo eletr\u00f4nico","datePublished":"2025-10-30T19:28:02+00:00","dateModified":"2025-10-30T19:40:20+00:00","mainEntityOfPage":{"@id":"https:\/\/www.pryorglobal.com\/do-papel-ao-digital-a-modernizacao-dos-processos-paralegais-no-contexto-do-governo-eletronico\/"},"wordCount":961,"commentCount":0,"publisher":{"@id":"https:\/\/www.pryorglobal.com\/#organization"},"image":{"@id":"https:\/\/www.pryorglobal.com\/do-papel-ao-digital-a-modernizacao-dos-processos-paralegais-no-contexto-do-governo-eletronico\/#primaryimage"},"thumbnailUrl":"https:\/\/www.pryorglobal.com\/wp-content\/uploads\/2025\/10\/pessoas-de-negocios-que-trabalham-usando-tecnologia-para-se-conectar-com-outras-pessoas-scaled.jpg","articleSection":["Paralegal"],"inLanguage":"en-US","potentialAction":[{"@type":"CommentAction","name":"Comment","target":["https:\/\/www.pryorglobal.com\/do-papel-ao-digital-a-modernizacao-dos-processos-paralegais-no-contexto-do-governo-eletronico\/#respond"]}]},{"@type":"WebPage","@id":"https:\/\/www.pryorglobal.com\/do-papel-ao-digital-a-modernizacao-dos-processos-paralegais-no-contexto-do-governo-eletronico\/","url":"https:\/\/www.pryorglobal.com\/do-papel-ao-digital-a-modernizacao-dos-processos-paralegais-no-contexto-do-governo-eletronico\/","name":"From paper to digital: the modernization of paralegal processes in the context of e-government","isPartOf":{"@id":"https:\/\/www.pryorglobal.com\/#website"},"primaryImageOfPage":{"@id":"https:\/\/www.pryorglobal.com\/do-papel-ao-digital-a-modernizacao-dos-processos-paralegais-no-contexto-do-governo-eletronico\/#primaryimage"},"image":{"@id":"https:\/\/www.pryorglobal.com\/do-papel-ao-digital-a-modernizacao-dos-processos-paralegais-no-contexto-do-governo-eletronico\/#primaryimage"},"thumbnailUrl":"https:\/\/www.pryorglobal.com\/wp-content\/uploads\/2025\/10\/pessoas-de-negocios-que-trabalham-usando-tecnologia-para-se-conectar-com-outras-pessoas-scaled.jpg","datePublished":"2025-10-30T19:28:02+00:00","dateModified":"2025-10-30T19:40:20+00:00","description":"Digital transformation has reshaped various sectors of the economy, bringing greater efficiency, agility, and transparency to processes that were previously exclusively manual and bureaucratic.","breadcrumb":{"@id":"https:\/\/www.pryorglobal.com\/do-papel-ao-digital-a-modernizacao-dos-processos-paralegais-no-contexto-do-governo-eletronico\/#breadcrumb"},"inLanguage":"en-US","potentialAction":[{"@type":"ReadAction","target":["https:\/\/www.pryorglobal.com\/do-papel-ao-digital-a-modernizacao-dos-processos-paralegais-no-contexto-do-governo-eletronico\/"]}]},{"@type":"ImageObject","inLanguage":"en-US","@id":"https:\/\/www.pryorglobal.com\/do-papel-ao-digital-a-modernizacao-dos-processos-paralegais-no-contexto-do-governo-eletronico\/#primaryimage","url":"https:\/\/www.pryorglobal.com\/wp-content\/uploads\/2025\/10\/pessoas-de-negocios-que-trabalham-usando-tecnologia-para-se-conectar-com-outras-pessoas-scaled.jpg","contentUrl":"https:\/\/www.pryorglobal.com\/wp-content\/uploads\/2025\/10\/pessoas-de-negocios-que-trabalham-usando-tecnologia-para-se-conectar-com-outras-pessoas-scaled.jpg","width":2560,"height":1707},{"@type":"BreadcrumbList","@id":"https:\/\/www.pryorglobal.com\/do-papel-ao-digital-a-modernizacao-dos-processos-paralegais-no-contexto-do-governo-eletronico\/#breadcrumb","itemListElement":[{"@type":"ListItem","position":1,"name":"In\u00edcio","item":"https:\/\/www.pryorglobal.com\/"},{"@type":"ListItem","position":2,"name":"Do papel ao Digital: a moderniza\u00e7\u00e3o dos processos paralegais no contexto do governo eletr\u00f4nico"}]},{"@type":"WebSite","@id":"https:\/\/www.pryorglobal.com\/#website","url":"https:\/\/www.pryorglobal.com\/","name":"Pryor Global","description":"","publisher":{"@id":"https:\/\/www.pryorglobal.com\/#organization"},"potentialAction":[{"@type":"SearchAction","target":{"@type":"EntryPoint","urlTemplate":"https:\/\/www.pryorglobal.com\/?s={search_term_string}"},"query-input":{"@type":"PropertyValueSpecification","valueRequired":true,"valueName":"search_term_string"}}],"inLanguage":"en-US"},{"@type":"Organization","@id":"https:\/\/www.pryorglobal.com\/#organization","name":"Pryor Global","url":"https:\/\/www.pryorglobal.com\/","logo":{"@type":"ImageObject","inLanguage":"en-US","@id":"https:\/\/www.pryorglobal.com\/#\/schema\/logo\/image\/","url":"https:\/\/www.pryorglobal.com\/wp-content\/uploads\/2024\/09\/logo_pryor.svg","contentUrl":"https:\/\/www.pryorglobal.com\/wp-content\/uploads\/2024\/09\/logo_pryor.svg","caption":"Pryor Global"},"image":{"@id":"https:\/\/www.pryorglobal.com\/#\/schema\/logo\/image\/"},"sameAs":["https:\/\/www.facebook.com\/pryorglobal.oficial\/","https:\/\/www.instagram.com\/pryorglobal\/","https:\/\/www.linkedin.com\/company\/pryorglobal\/"]},{"@type":"Person","@id":"https:\/\/www.pryorglobal.com\/#\/schema\/person\/0909774819a055291ed35ca20974a511","name":"Mariana Pascoal","image":{"@type":"ImageObject","inLanguage":"en-US","@id":"https:\/\/secure.gravatar.com\/avatar\/c57f11363e20c442613118eceadef86d0ac7b7171a7dff35b48b8ca41dd1d23c?s=96&d=mm&r=g","url":"https:\/\/secure.gravatar.com\/avatar\/c57f11363e20c442613118eceadef86d0ac7b7171a7dff35b48b8ca41dd1d23c?s=96&d=mm&r=g","contentUrl":"https:\/\/secure.gravatar.com\/avatar\/c57f11363e20c442613118eceadef86d0ac7b7171a7dff35b48b8ca41dd1d23c?s=96&d=mm&r=g","caption":"Mariana Pascoal"}}]}},"_links":{"self":[{"href":"https:\/\/www.pryorglobal.com\/en\/wp-json\/wp\/v2\/posts\/15845","targetHints":{"allow":["GET"]}}],"collection":[{"href":"https:\/\/www.pryorglobal.com\/en\/wp-json\/wp\/v2\/posts"}],"about":[{"href":"https:\/\/www.pryorglobal.com\/en\/wp-json\/wp\/v2\/types\/post"}],"author":[{"embeddable":true,"href":"https:\/\/www.pryorglobal.com\/en\/wp-json\/wp\/v2\/users\/12"}],"replies":[{"embeddable":true,"href":"https:\/\/www.pryorglobal.com\/en\/wp-json\/wp\/v2\/comments?post=15845"}],"version-history":[{"count":3,"href":"https:\/\/www.pryorglobal.com\/en\/wp-json\/wp\/v2\/posts\/15845\/revisions"}],"predecessor-version":[{"id":15851,"href":"https:\/\/www.pryorglobal.com\/en\/wp-json\/wp\/v2\/posts\/15845\/revisions\/15851"}],"wp:featuredmedia":[{"embeddable":true,"href":"https:\/\/www.pryorglobal.com\/en\/wp-json\/wp\/v2\/media\/15848"}],"wp:attachment":[{"href":"https:\/\/www.pryorglobal.com\/en\/wp-json\/wp\/v2\/media?parent=15845"}],"wp:term":[{"taxonomy":"category","embeddable":true,"href":"https:\/\/www.pryorglobal.com\/en\/wp-json\/wp\/v2\/categories?post=15845"},{"taxonomy":"post_tag","embeddable":true,"href":"https:\/\/www.pryorglobal.com\/en\/wp-json\/wp\/v2\/tags?post=15845"}],"curies":[{"name":"wp","href":"https:\/\/api.w.org\/{rel}","templated":true}]}}