{"id":15547,"date":"2025-06-17T16:58:45","date_gmt":"2025-06-17T19:58:45","guid":{"rendered":"https:\/\/www.pryorglobal.com\/?p=15547"},"modified":"2025-07-04T17:22:02","modified_gmt":"2025-07-04T20:22:02","slug":"governo-eleva-aliquotas-do-iof-veja-o-que-muda","status":"publish","type":"post","link":"https:\/\/www.pryorglobal.com\/en\/governo-eleva-aliquotas-do-iof-veja-o-que-muda\/","title":{"rendered":"Government reverses decision and revokes IOF increase: what changes for those who conduct international transactions"},"content":{"rendered":"<div data-elementor-type=\"wp-post\" data-elementor-id=\"15547\" class=\"elementor elementor-15547\" data-elementor-post-type=\"post\">\n\t\t\t\t\t\t<section class=\"elementor-section elementor-top-section elementor-element elementor-element-fd61a4a elementor-section-boxed elementor-section-height-default elementor-section-height-default\" data-id=\"fd61a4a\" data-element_type=\"section\" data-e-type=\"section\" data-no-translation=\"\">\n\t\t\t\t\t\t<div class=\"elementor-container elementor-column-gap-default\">\n\t\t\t\t\t<div class=\"elementor-column elementor-col-100 elementor-top-column elementor-element elementor-element-eb5f0dd\" data-id=\"eb5f0dd\" data-element_type=\"column\" data-e-type=\"column\">\n\t\t\t<div class=\"elementor-widget-wrap elementor-element-populated\">\n\t\t\t\t\t\t<div class=\"elementor-element elementor-element-d7a67f8 elementor-widget elementor-widget-text-editor\" data-id=\"d7a67f8\" data-element_type=\"widget\" data-e-type=\"widget\" data-widget_type=\"text-editor.default\">\n\t\t\t\t<div class=\"elementor-widget-container\">\n\t\t\t\t\t\t\t\t\t<p>In the last week of June, the <strong>Federal Government<\/strong> reversed important changes to the rules governing the <strong>IOF<\/strong> (<strong>Tax on Financial Operations<\/strong>). The changes that had been announced in May and June of this year were officially revoked by <a href=\"https:\/\/www2.camara.leg.br\/legin\/fed\/decleg\/2025\/decretolegislativo-176-26-junho-2025-797660-publicacaooriginal-175743-pl.html\"><strong>Legislative Decree No. 176\/25<\/strong><\/a>, published on June 27, 2025.<\/p>\t\t\t\t\t\t\t\t<\/div>\n\t\t\t\t<\/div>\n\t\t\t\t<div class=\"elementor-element elementor-element-4bd6a8e elementor-widget elementor-widget-image\" data-id=\"4bd6a8e\" data-element_type=\"widget\" data-e-type=\"widget\" data-widget_type=\"image.default\">\n\t\t\t\t<div class=\"elementor-widget-container\">\n\t\t\t\t\t\t\t\t\t\t\t\t\t\t\t<img decoding=\"async\" src=\"https:\/\/www.pryorglobal.com\/wp-content\/uploads\/2025\/06\/Imagem-2-com-o-logo-1.png\" title=\"Imagem 2 com o logo\" alt=\"Imagem 2 com o logo\" loading=\"lazy\" \/>\t\t\t\t\t\t\t\t\t\t\t\t\t\t\t<\/div>\n\t\t\t\t<\/div>\n\t\t\t\t<div class=\"elementor-element elementor-element-f4108ad elementor-widget elementor-widget-text-editor\" data-id=\"f4108ad\" data-element_type=\"widget\" data-e-type=\"widget\" data-widget_type=\"text-editor.default\">\n\t\t\t\t<div class=\"elementor-widget-container\">\n\t\t\t\t\t\t\t\t\t<p>The measure restores the previous tax rates for <strong>credit<\/strong>, <strong>foreign exchange<\/strong>, <strong>insurance<\/strong>, and <strong>securities transactions<\/strong>, returning to the wording that was in effect until May 22, 2025, according to the former <a href=\"https:\/\/www.planalto.gov.br\/ccivil_03\/_ato2007-2010\/2007\/Decreto\/D6306.htm\"><strong>Decree No. 6,306\/2007<\/strong><\/a>.<\/p><p><strong>What does this mean in practice?<\/strong><\/p><ul><li><strong>Purchase of foreign currency in cash<\/strong>: reduced tax rate from 3.50% to 1.10%;<\/li><li><strong>Receipt of foreign loans with a term of less than 365 days<\/strong>: zero tax rate (previously 3.50%);<\/li><li><strong>Purchases and withdrawals abroad with cards or apps linked to payment arrangements<\/strong>: the new rate is 3.38%, following the scale set to reach zero in 2028;<\/li><li><strong>Foreign loans with an average term of up to 364 days, contracted directly or through the issuance of securities<\/strong>: return to a zero rate;<\/li><li><strong>Transfer of funds abroad by individuals, as available funds (such as transfers to their own accounts)<\/strong>: reduced from 3.50% to 1.10%.<\/li><\/ul><p><strong>New IOF levies were revoked on:<\/strong><\/p><ul><li><strong>Risk-assigned credit operations<\/strong> (where the credit taker differs from the debtor);<\/li><li><strong>Primary acquisition of shares in Credit Rights Investment Funds (FIDCs).<\/strong><\/li><\/ul>\t\t\t\t\t\t\t\t<\/div>\n\t\t\t\t<\/div>\n\t\t\t\t<div class=\"elementor-element elementor-element-42ce03f elementor-widget elementor-widget-image\" data-id=\"42ce03f\" data-element_type=\"widget\" data-e-type=\"widget\" data-widget_type=\"image.default\">\n\t\t\t\t<div class=\"elementor-widget-container\">\n\t\t\t\t\t\t\t\t\t\t\t\t\t\t\t<img fetchpriority=\"high\" decoding=\"async\" width=\"800\" height=\"279\" src=\"https:\/\/www.pryorglobal.com\/wp-content\/uploads\/2025\/06\/Imagem-3-com-o-logo-1.png\" class=\"attachment-large size-large wp-image-15551\" alt=\"\" srcset=\"https:\/\/www.pryorglobal.com\/wp-content\/uploads\/2025\/06\/Imagem-3-com-o-logo-1.png 860w, https:\/\/www.pryorglobal.com\/wp-content\/uploads\/2025\/06\/Imagem-3-com-o-logo-1-300x105.png 300w, https:\/\/www.pryorglobal.com\/wp-content\/uploads\/2025\/06\/Imagem-3-com-o-logo-1-768x268.png 768w, https:\/\/www.pryorglobal.com\/wp-content\/uploads\/2025\/06\/Imagem-3-com-o-logo-1-18x6.png 18w\" sizes=\"(max-width: 800px) 100vw, 800px\" \/>\t\t\t\t\t\t\t\t\t\t\t\t\t\t\t<\/div>\n\t\t\t\t<\/div>\n\t\t\t\t<div class=\"elementor-element elementor-element-c7bcaae elementor-widget elementor-widget-text-editor\" data-id=\"c7bcaae\" data-element_type=\"widget\" data-e-type=\"widget\" data-widget_type=\"text-editor.default\">\n\t\t\t\t<div class=\"elementor-widget-container\">\n\t\t\t\t\t\t\t\t\t<p><strong>Why did this change happen?<\/strong><\/p><p>The <strong>IOF increase<\/strong>, announced through presidential decrees, raised concerns among experts, companies, and financial institutions. Many argued that the new rates could discourage investment and burden legitimate transactions made by Brazilians abroad. In view of this, the <strong>National Congress<\/strong> decided to suspend the decrees through a joint vote in the Chamber of Deputies and the Senate, returning to the previous system.<\/p><p><strong>The importance of a partnership like Pryor Global<\/strong><\/p><p>In times of regulatory instability such as these, it is essential to have specialized support to ensure security and efficiency in international operations.<\/p><p>The <strong>Pryor Global<\/strong> team closely monitors all changes in foreign <strong>exchange rules<\/strong>, offering <strong>personalized advice<\/strong> to companies that operate outside Brazil or frequently conduct international transactions. More than just interpreting the rules, <strong>Pryor<\/strong> helps its clients anticipate impacts, better plan their operations, and reduce risks in the face of sudden changes in the tax landscape.<\/p><p>Do you have questions about how these changes impact your operations? <strong>Contact us<\/strong>.<\/p>\t\t\t\t\t\t\t\t<\/div>\n\t\t\t\t<\/div>\n\t\t\t\t\t<\/div>\n\t\t<\/div>\n\t\t\t\t\t<\/div>\n\t\t<\/section>\n\t\t\t\t<\/div>","protected":false},"excerpt":{"rendered":"<p>Na \u00faltima semana de junho, o Governo Federal voltou atr\u00e1s em mudan\u00e7as importantes nas regras do IOF (Imposto sobre Opera\u00e7\u00f5es Financeiras). As altera\u00e7\u00f5es que haviam sido anunciadas em maio e junho deste ano foram oficialmente revogadas pelo Decreto Legislativo n\u00ba 176\/25, publicado no dia 27 de junho de 2025.<\/p>","protected":false},"author":12,"featured_media":15549,"comment_status":"open","ping_status":"closed","sticky":false,"template":"","format":"standard","meta":{"footnotes":""},"categories":[286],"tags":[],"class_list":["post-15547","post","type-post","status-publish","format-standard","has-post-thumbnail","hentry","category-consultoria-e-gestao-de-cambio"],"yoast_head":"<!-- This site is optimized with the Yoast SEO plugin v27.4 - https:\/\/yoast.com\/product\/yoast-seo-wordpress\/ -->\n<title>Governo eleva al\u00edquotas do IOF; veja o que muda<\/title>\n<meta name=\"description\" content=\"O Governo Federal publicou, em maio, um decreto que eleva diversas al\u00edquotas do Imposto sobre Opera\u00e7\u00f5es Financeiras (IOF) ligadas ao c\u00e2mbio. A mudan\u00e7a faz parte de um pacote fiscal destinado a ampliar a arrecada\u00e7\u00e3o e compensar o crescimento das despesas p\u00fablicas, e j\u00e1 provocou forte rea\u00e7\u00e3o no mercado e no Congresso Nacional.\" \/>\n<meta name=\"robots\" content=\"noindex, follow\" \/>\n<meta property=\"og:locale\" content=\"en_US\" \/>\n<meta property=\"og:type\" content=\"article\" \/>\n<meta property=\"og:title\" content=\"Governo eleva al\u00edquotas do IOF; veja o que muda\" \/>\n<meta property=\"og:description\" content=\"O Governo Federal publicou, em maio, um decreto que eleva diversas al\u00edquotas do Imposto sobre Opera\u00e7\u00f5es Financeiras (IOF) ligadas ao c\u00e2mbio. A mudan\u00e7a faz parte de um pacote fiscal destinado a ampliar a arrecada\u00e7\u00e3o e compensar o crescimento das despesas p\u00fablicas, e j\u00e1 provocou forte rea\u00e7\u00e3o no mercado e no Congresso Nacional.\" \/>\n<meta property=\"og:url\" content=\"https:\/\/www.pryorglobal.com\/en\/governo-eleva-aliquotas-do-iof-veja-o-que-muda\/\" \/>\n<meta property=\"og:site_name\" content=\"Pryor Global\" \/>\n<meta property=\"article:publisher\" content=\"https:\/\/www.facebook.com\/pryorglobal.oficial\/\" \/>\n<meta property=\"article:published_time\" content=\"2025-06-17T19:58:45+00:00\" \/>\n<meta property=\"article:modified_time\" content=\"2025-07-04T20:22:02+00:00\" \/>\n<meta property=\"og:image\" content=\"https:\/\/www.pryorglobal.com\/wp-content\/uploads\/2025\/06\/Imagem1-scaled.jpg\" \/>\n\t<meta property=\"og:image:width\" content=\"2560\" \/>\n\t<meta property=\"og:image:height\" content=\"1710\" \/>\n\t<meta property=\"og:image:type\" content=\"image\/jpeg\" \/>\n<meta name=\"author\" content=\"Mariana Pascoal\" \/>\n<meta name=\"twitter:card\" content=\"summary_large_image\" \/>\n<meta name=\"twitter:label1\" content=\"Written by\" \/>\n\t<meta name=\"twitter:data1\" content=\"Mariana Pascoal\" \/>\n\t<meta name=\"twitter:label2\" content=\"Est. reading time\" \/>\n\t<meta name=\"twitter:data2\" content=\"6 minutes\" \/>\n<script type=\"application\/ld+json\" class=\"yoast-schema-graph\">{\"@context\":\"https:\\\/\\\/schema.org\",\"@graph\":[{\"@type\":\"Article\",\"@id\":\"https:\\\/\\\/www.pryorglobal.com\\\/governo-eleva-aliquotas-do-iof-veja-o-que-muda\\\/#article\",\"isPartOf\":{\"@id\":\"https:\\\/\\\/www.pryorglobal.com\\\/governo-eleva-aliquotas-do-iof-veja-o-que-muda\\\/\"},\"author\":{\"name\":\"Mariana Pascoal\",\"@id\":\"https:\\\/\\\/www.pryorglobal.com\\\/#\\\/schema\\\/person\\\/0909774819a055291ed35ca20974a511\"},\"headline\":\"Governo volta atr\u00e1s e revoga aumento do IOF: o que muda para quem faz opera\u00e7\u00f5es internacionais\",\"datePublished\":\"2025-06-17T19:58:45+00:00\",\"dateModified\":\"2025-07-04T20:22:02+00:00\",\"mainEntityOfPage\":{\"@id\":\"https:\\\/\\\/www.pryorglobal.com\\\/governo-eleva-aliquotas-do-iof-veja-o-que-muda\\\/\"},\"wordCount\":813,\"commentCount\":0,\"publisher\":{\"@id\":\"https:\\\/\\\/www.pryorglobal.com\\\/#organization\"},\"image\":{\"@id\":\"https:\\\/\\\/www.pryorglobal.com\\\/governo-eleva-aliquotas-do-iof-veja-o-que-muda\\\/#primaryimage\"},\"thumbnailUrl\":\"https:\\\/\\\/www.pryorglobal.com\\\/wp-content\\\/uploads\\\/2025\\\/06\\\/Imagem1-scaled.jpg\",\"articleSection\":[\"Consultoria e Gest\u00e3o de C\u00e2mbio\"],\"inLanguage\":\"en-US\",\"potentialAction\":[{\"@type\":\"CommentAction\",\"name\":\"Comment\",\"target\":[\"https:\\\/\\\/www.pryorglobal.com\\\/governo-eleva-aliquotas-do-iof-veja-o-que-muda\\\/#respond\"]}]},{\"@type\":\"WebPage\",\"@id\":\"https:\\\/\\\/www.pryorglobal.com\\\/governo-eleva-aliquotas-do-iof-veja-o-que-muda\\\/\",\"url\":\"https:\\\/\\\/www.pryorglobal.com\\\/governo-eleva-aliquotas-do-iof-veja-o-que-muda\\\/\",\"name\":\"Governo eleva al\u00edquotas do IOF; veja o que muda\",\"isPartOf\":{\"@id\":\"https:\\\/\\\/www.pryorglobal.com\\\/#website\"},\"primaryImageOfPage\":{\"@id\":\"https:\\\/\\\/www.pryorglobal.com\\\/governo-eleva-aliquotas-do-iof-veja-o-que-muda\\\/#primaryimage\"},\"image\":{\"@id\":\"https:\\\/\\\/www.pryorglobal.com\\\/governo-eleva-aliquotas-do-iof-veja-o-que-muda\\\/#primaryimage\"},\"thumbnailUrl\":\"https:\\\/\\\/www.pryorglobal.com\\\/wp-content\\\/uploads\\\/2025\\\/06\\\/Imagem1-scaled.jpg\",\"datePublished\":\"2025-06-17T19:58:45+00:00\",\"dateModified\":\"2025-07-04T20:22:02+00:00\",\"description\":\"O Governo Federal publicou, em maio, um decreto que eleva diversas al\u00edquotas do Imposto sobre Opera\u00e7\u00f5es Financeiras (IOF) ligadas ao c\u00e2mbio. A mudan\u00e7a faz parte de um pacote fiscal destinado a ampliar a arrecada\u00e7\u00e3o e compensar o crescimento das despesas p\u00fablicas, e j\u00e1 provocou forte rea\u00e7\u00e3o no mercado e no Congresso Nacional.\",\"breadcrumb\":{\"@id\":\"https:\\\/\\\/www.pryorglobal.com\\\/governo-eleva-aliquotas-do-iof-veja-o-que-muda\\\/#breadcrumb\"},\"inLanguage\":\"en-US\",\"potentialAction\":[{\"@type\":\"ReadAction\",\"target\":[\"https:\\\/\\\/www.pryorglobal.com\\\/governo-eleva-aliquotas-do-iof-veja-o-que-muda\\\/\"]}]},{\"@type\":\"ImageObject\",\"inLanguage\":\"en-US\",\"@id\":\"https:\\\/\\\/www.pryorglobal.com\\\/governo-eleva-aliquotas-do-iof-veja-o-que-muda\\\/#primaryimage\",\"url\":\"https:\\\/\\\/www.pryorglobal.com\\\/wp-content\\\/uploads\\\/2025\\\/06\\\/Imagem1-scaled.jpg\",\"contentUrl\":\"https:\\\/\\\/www.pryorglobal.com\\\/wp-content\\\/uploads\\\/2025\\\/06\\\/Imagem1-scaled.jpg\",\"width\":2560,\"height\":1710},{\"@type\":\"BreadcrumbList\",\"@id\":\"https:\\\/\\\/www.pryorglobal.com\\\/governo-eleva-aliquotas-do-iof-veja-o-que-muda\\\/#breadcrumb\",\"itemListElement\":[{\"@type\":\"ListItem\",\"position\":1,\"name\":\"In\u00edcio\",\"item\":\"https:\\\/\\\/www.pryorglobal.com\\\/\"},{\"@type\":\"ListItem\",\"position\":2,\"name\":\"Governo volta atr\u00e1s e revoga aumento do IOF: o que muda para quem faz opera\u00e7\u00f5es internacionais\"}]},{\"@type\":\"WebSite\",\"@id\":\"https:\\\/\\\/www.pryorglobal.com\\\/#website\",\"url\":\"https:\\\/\\\/www.pryorglobal.com\\\/\",\"name\":\"Pryor Global\",\"description\":\"\",\"publisher\":{\"@id\":\"https:\\\/\\\/www.pryorglobal.com\\\/#organization\"},\"potentialAction\":[{\"@type\":\"SearchAction\",\"target\":{\"@type\":\"EntryPoint\",\"urlTemplate\":\"https:\\\/\\\/www.pryorglobal.com\\\/?s={search_term_string}\"},\"query-input\":{\"@type\":\"PropertyValueSpecification\",\"valueRequired\":true,\"valueName\":\"search_term_string\"}}],\"inLanguage\":\"en-US\"},{\"@type\":\"Organization\",\"@id\":\"https:\\\/\\\/www.pryorglobal.com\\\/#organization\",\"name\":\"Pryor Global\",\"url\":\"https:\\\/\\\/www.pryorglobal.com\\\/\",\"logo\":{\"@type\":\"ImageObject\",\"inLanguage\":\"en-US\",\"@id\":\"https:\\\/\\\/www.pryorglobal.com\\\/#\\\/schema\\\/logo\\\/image\\\/\",\"url\":\"https:\\\/\\\/www.pryorglobal.com\\\/wp-content\\\/uploads\\\/2024\\\/09\\\/logo_pryor.svg\",\"contentUrl\":\"https:\\\/\\\/www.pryorglobal.com\\\/wp-content\\\/uploads\\\/2024\\\/09\\\/logo_pryor.svg\",\"caption\":\"Pryor Global\"},\"image\":{\"@id\":\"https:\\\/\\\/www.pryorglobal.com\\\/#\\\/schema\\\/logo\\\/image\\\/\"},\"sameAs\":[\"https:\\\/\\\/www.facebook.com\\\/pryorglobal.oficial\\\/\",\"https:\\\/\\\/www.instagram.com\\\/pryorglobal\\\/\",\"https:\\\/\\\/www.linkedin.com\\\/company\\\/pryorglobal\\\/\"]},{\"@type\":\"Person\",\"@id\":\"https:\\\/\\\/www.pryorglobal.com\\\/#\\\/schema\\\/person\\\/0909774819a055291ed35ca20974a511\",\"name\":\"Mariana Pascoal\",\"image\":{\"@type\":\"ImageObject\",\"inLanguage\":\"en-US\",\"@id\":\"https:\\\/\\\/secure.gravatar.com\\\/avatar\\\/c57f11363e20c442613118eceadef86d0ac7b7171a7dff35b48b8ca41dd1d23c?s=96&d=mm&r=g\",\"url\":\"https:\\\/\\\/secure.gravatar.com\\\/avatar\\\/c57f11363e20c442613118eceadef86d0ac7b7171a7dff35b48b8ca41dd1d23c?s=96&d=mm&r=g\",\"contentUrl\":\"https:\\\/\\\/secure.gravatar.com\\\/avatar\\\/c57f11363e20c442613118eceadef86d0ac7b7171a7dff35b48b8ca41dd1d23c?s=96&d=mm&r=g\",\"caption\":\"Mariana Pascoal\"}}]}<\/script>\n<!-- \/ Yoast SEO plugin. -->","yoast_head_json":{"title":"Government reverses decision and revokes IOF increase: what changes for those who conduct international transactions","description":"O Governo Federal publicou, em maio, um decreto que eleva diversas al\u00edquotas do Imposto sobre Opera\u00e7\u00f5es Financeiras (IOF) ligadas ao c\u00e2mbio. A mudan\u00e7a faz parte de um pacote fiscal destinado a ampliar a arrecada\u00e7\u00e3o e compensar o crescimento das despesas p\u00fablicas, e j\u00e1 provocou forte rea\u00e7\u00e3o no mercado e no Congresso Nacional.","robots":{"index":"noindex","follow":"follow"},"og_locale":"en_US","og_type":"article","og_title":"Governo eleva al\u00edquotas do IOF; veja o que muda","og_description":"O Governo Federal publicou, em maio, um decreto que eleva diversas al\u00edquotas do Imposto sobre Opera\u00e7\u00f5es Financeiras (IOF) ligadas ao c\u00e2mbio. A mudan\u00e7a faz parte de um pacote fiscal destinado a ampliar a arrecada\u00e7\u00e3o e compensar o crescimento das despesas p\u00fablicas, e j\u00e1 provocou forte rea\u00e7\u00e3o no mercado e no Congresso Nacional.","og_url":"https:\/\/www.pryorglobal.com\/en\/governo-eleva-aliquotas-do-iof-veja-o-que-muda\/","og_site_name":"Pryor Global","article_publisher":"https:\/\/www.facebook.com\/pryorglobal.oficial\/","article_published_time":"2025-06-17T19:58:45+00:00","article_modified_time":"2025-07-04T20:22:02+00:00","og_image":[{"width":2560,"height":1710,"url":"https:\/\/www.pryorglobal.com\/wp-content\/uploads\/2025\/06\/Imagem1-scaled.jpg","type":"image\/jpeg"}],"author":"Mariana Pascoal","twitter_card":"summary_large_image","twitter_misc":{"Written by":"Mariana Pascoal","Est. reading time":"6 minutes"},"schema":{"@context":"https:\/\/schema.org","@graph":[{"@type":"Article","@id":"https:\/\/www.pryorglobal.com\/governo-eleva-aliquotas-do-iof-veja-o-que-muda\/#article","isPartOf":{"@id":"https:\/\/www.pryorglobal.com\/governo-eleva-aliquotas-do-iof-veja-o-que-muda\/"},"author":{"name":"Mariana Pascoal","@id":"https:\/\/www.pryorglobal.com\/#\/schema\/person\/0909774819a055291ed35ca20974a511"},"headline":"Governo volta atr\u00e1s e revoga aumento do IOF: o que muda para quem faz opera\u00e7\u00f5es internacionais","datePublished":"2025-06-17T19:58:45+00:00","dateModified":"2025-07-04T20:22:02+00:00","mainEntityOfPage":{"@id":"https:\/\/www.pryorglobal.com\/governo-eleva-aliquotas-do-iof-veja-o-que-muda\/"},"wordCount":813,"commentCount":0,"publisher":{"@id":"https:\/\/www.pryorglobal.com\/#organization"},"image":{"@id":"https:\/\/www.pryorglobal.com\/governo-eleva-aliquotas-do-iof-veja-o-que-muda\/#primaryimage"},"thumbnailUrl":"https:\/\/www.pryorglobal.com\/wp-content\/uploads\/2025\/06\/Imagem1-scaled.jpg","articleSection":["Consultoria e Gest\u00e3o de C\u00e2mbio"],"inLanguage":"en-US","potentialAction":[{"@type":"CommentAction","name":"Comment","target":["https:\/\/www.pryorglobal.com\/governo-eleva-aliquotas-do-iof-veja-o-que-muda\/#respond"]}]},{"@type":"WebPage","@id":"https:\/\/www.pryorglobal.com\/governo-eleva-aliquotas-do-iof-veja-o-que-muda\/","url":"https:\/\/www.pryorglobal.com\/governo-eleva-aliquotas-do-iof-veja-o-que-muda\/","name":"Government reverses decision and revokes IOF increase: what changes for those who conduct international transactions","isPartOf":{"@id":"https:\/\/www.pryorglobal.com\/#website"},"primaryImageOfPage":{"@id":"https:\/\/www.pryorglobal.com\/governo-eleva-aliquotas-do-iof-veja-o-que-muda\/#primaryimage"},"image":{"@id":"https:\/\/www.pryorglobal.com\/governo-eleva-aliquotas-do-iof-veja-o-que-muda\/#primaryimage"},"thumbnailUrl":"https:\/\/www.pryorglobal.com\/wp-content\/uploads\/2025\/06\/Imagem1-scaled.jpg","datePublished":"2025-06-17T19:58:45+00:00","dateModified":"2025-07-04T20:22:02+00:00","description":"O Governo Federal publicou, em maio, um decreto que eleva diversas al\u00edquotas do Imposto sobre Opera\u00e7\u00f5es Financeiras (IOF) ligadas ao c\u00e2mbio. A mudan\u00e7a faz parte de um pacote fiscal destinado a ampliar a arrecada\u00e7\u00e3o e compensar o crescimento das despesas p\u00fablicas, e j\u00e1 provocou forte rea\u00e7\u00e3o no mercado e no Congresso Nacional.","breadcrumb":{"@id":"https:\/\/www.pryorglobal.com\/governo-eleva-aliquotas-do-iof-veja-o-que-muda\/#breadcrumb"},"inLanguage":"en-US","potentialAction":[{"@type":"ReadAction","target":["https:\/\/www.pryorglobal.com\/governo-eleva-aliquotas-do-iof-veja-o-que-muda\/"]}]},{"@type":"ImageObject","inLanguage":"en-US","@id":"https:\/\/www.pryorglobal.com\/governo-eleva-aliquotas-do-iof-veja-o-que-muda\/#primaryimage","url":"https:\/\/www.pryorglobal.com\/wp-content\/uploads\/2025\/06\/Imagem1-scaled.jpg","contentUrl":"https:\/\/www.pryorglobal.com\/wp-content\/uploads\/2025\/06\/Imagem1-scaled.jpg","width":2560,"height":1710},{"@type":"BreadcrumbList","@id":"https:\/\/www.pryorglobal.com\/governo-eleva-aliquotas-do-iof-veja-o-que-muda\/#breadcrumb","itemListElement":[{"@type":"ListItem","position":1,"name":"In\u00edcio","item":"https:\/\/www.pryorglobal.com\/"},{"@type":"ListItem","position":2,"name":"Governo volta atr\u00e1s e revoga aumento do IOF: o que muda para quem faz opera\u00e7\u00f5es internacionais"}]},{"@type":"WebSite","@id":"https:\/\/www.pryorglobal.com\/#website","url":"https:\/\/www.pryorglobal.com\/","name":"Pryor Global","description":"","publisher":{"@id":"https:\/\/www.pryorglobal.com\/#organization"},"potentialAction":[{"@type":"SearchAction","target":{"@type":"EntryPoint","urlTemplate":"https:\/\/www.pryorglobal.com\/?s={search_term_string}"},"query-input":{"@type":"PropertyValueSpecification","valueRequired":true,"valueName":"search_term_string"}}],"inLanguage":"en-US"},{"@type":"Organization","@id":"https:\/\/www.pryorglobal.com\/#organization","name":"Pryor Global","url":"https:\/\/www.pryorglobal.com\/","logo":{"@type":"ImageObject","inLanguage":"en-US","@id":"https:\/\/www.pryorglobal.com\/#\/schema\/logo\/image\/","url":"https:\/\/www.pryorglobal.com\/wp-content\/uploads\/2024\/09\/logo_pryor.svg","contentUrl":"https:\/\/www.pryorglobal.com\/wp-content\/uploads\/2024\/09\/logo_pryor.svg","caption":"Pryor Global"},"image":{"@id":"https:\/\/www.pryorglobal.com\/#\/schema\/logo\/image\/"},"sameAs":["https:\/\/www.facebook.com\/pryorglobal.oficial\/","https:\/\/www.instagram.com\/pryorglobal\/","https:\/\/www.linkedin.com\/company\/pryorglobal\/"]},{"@type":"Person","@id":"https:\/\/www.pryorglobal.com\/#\/schema\/person\/0909774819a055291ed35ca20974a511","name":"Mariana Pascoal","image":{"@type":"ImageObject","inLanguage":"en-US","@id":"https:\/\/secure.gravatar.com\/avatar\/c57f11363e20c442613118eceadef86d0ac7b7171a7dff35b48b8ca41dd1d23c?s=96&d=mm&r=g","url":"https:\/\/secure.gravatar.com\/avatar\/c57f11363e20c442613118eceadef86d0ac7b7171a7dff35b48b8ca41dd1d23c?s=96&d=mm&r=g","contentUrl":"https:\/\/secure.gravatar.com\/avatar\/c57f11363e20c442613118eceadef86d0ac7b7171a7dff35b48b8ca41dd1d23c?s=96&d=mm&r=g","caption":"Mariana Pascoal"}}]}},"_links":{"self":[{"href":"https:\/\/www.pryorglobal.com\/en\/wp-json\/wp\/v2\/posts\/15547","targetHints":{"allow":["GET"]}}],"collection":[{"href":"https:\/\/www.pryorglobal.com\/en\/wp-json\/wp\/v2\/posts"}],"about":[{"href":"https:\/\/www.pryorglobal.com\/en\/wp-json\/wp\/v2\/types\/post"}],"author":[{"embeddable":true,"href":"https:\/\/www.pryorglobal.com\/en\/wp-json\/wp\/v2\/users\/12"}],"replies":[{"embeddable":true,"href":"https:\/\/www.pryorglobal.com\/en\/wp-json\/wp\/v2\/comments?post=15547"}],"version-history":[{"count":19,"href":"https:\/\/www.pryorglobal.com\/en\/wp-json\/wp\/v2\/posts\/15547\/revisions"}],"predecessor-version":[{"id":15648,"href":"https:\/\/www.pryorglobal.com\/en\/wp-json\/wp\/v2\/posts\/15547\/revisions\/15648"}],"wp:featuredmedia":[{"embeddable":true,"href":"https:\/\/www.pryorglobal.com\/en\/wp-json\/wp\/v2\/media\/15549"}],"wp:attachment":[{"href":"https:\/\/www.pryorglobal.com\/en\/wp-json\/wp\/v2\/media?parent=15547"}],"wp:term":[{"taxonomy":"category","embeddable":true,"href":"https:\/\/www.pryorglobal.com\/en\/wp-json\/wp\/v2\/categories?post=15547"},{"taxonomy":"post_tag","embeddable":true,"href":"https:\/\/www.pryorglobal.com\/en\/wp-json\/wp\/v2\/tags?post=15547"}],"curies":[{"name":"wp","href":"https:\/\/api.w.org\/{rel}","templated":true}]}}