{"id":15385,"date":"2025-05-05T18:04:54","date_gmt":"2025-05-05T21:04:54","guid":{"rendered":"https:\/\/www.pryorglobal.com\/?p=15385"},"modified":"2025-05-05T18:14:18","modified_gmt":"2025-05-05T21:14:18","slug":"nr-1-e-esocial-o-que-muda-para-as-empresas-em-2025","status":"publish","type":"post","link":"https:\/\/www.pryorglobal.com\/en\/nr-1-e-esocial-o-que-muda-para-as-empresas-em-2025\/","title":{"rendered":"NR-1 and eSocial: what will change for companies in 2025?"},"content":{"rendered":"<div data-elementor-type=\"wp-post\" data-elementor-id=\"15385\" class=\"elementor elementor-15385\" data-elementor-post-type=\"post\">\n\t\t\t\t\t\t<section class=\"elementor-section elementor-top-section elementor-element elementor-element-fd61a4a elementor-section-boxed elementor-section-height-default elementor-section-height-default\" data-id=\"fd61a4a\" data-element_type=\"section\" data-e-type=\"section\" data-no-translation=\"\">\n\t\t\t\t\t\t<div class=\"elementor-container elementor-column-gap-default\">\n\t\t\t\t\t<div class=\"elementor-column elementor-col-100 elementor-top-column elementor-element elementor-element-eb5f0dd\" data-id=\"eb5f0dd\" data-element_type=\"column\" data-e-type=\"column\">\n\t\t\t<div class=\"elementor-widget-wrap elementor-element-populated\">\n\t\t\t\t\t\t<div class=\"elementor-element elementor-element-d7a67f8 elementor-widget elementor-widget-text-editor\" data-id=\"d7a67f8\" data-element_type=\"widget\" data-e-type=\"widget\" data-widget_type=\"text-editor.default\">\n\t\t\t\t<div class=\"elementor-widget-container\">\n\t\t\t\t\t\t\t\t\t<p><strong>Pryor Global<\/strong> has been closely following the changes brought by the new <strong>NR-1<\/strong> and its impact on companies. <a href=\"https:\/\/www.pryorglobal.com\/nr-1-como-as-empresas-devem-se-adequar-as-novas-regras-de-seguranca-e-saude-no-trabalho\/\">In previous articles<\/a>, we covered the main points of the regulation and the risks involved in non-compliance. Now it\u2019s time to talk about an essential aspect: the integration of <strong>occupational safety and health <\/strong>(<strong>OSH<\/strong>) obligations into <strong>eSocial <\/strong>system.<\/p>\t\t\t\t\t\t\t\t<\/div>\n\t\t\t\t<\/div>\n\t\t\t\t<div class=\"elementor-element elementor-element-4bd6a8e elementor-widget elementor-widget-image\" data-id=\"4bd6a8e\" data-element_type=\"widget\" data-e-type=\"widget\" data-widget_type=\"image.default\">\n\t\t\t\t<div class=\"elementor-widget-container\">\n\t\t\t\t\t\t\t\t\t\t\t\t\t\t\t<img decoding=\"async\" src=\"https:\/\/www.pryorglobal.com\/wp-content\/uploads\/2025\/05\/Imagem-2-com-o-logo-1.png\" title=\"Imagem 2 com o logo\" alt=\"Imagem 2 com o logo\" loading=\"lazy\" \/>\t\t\t\t\t\t\t\t\t\t\t\t\t\t\t<\/div>\n\t\t\t\t<\/div>\n\t\t\t\t<div class=\"elementor-element elementor-element-f4108ad elementor-widget elementor-widget-text-editor\" data-id=\"f4108ad\" data-element_type=\"widget\" data-e-type=\"widget\" data-widget_type=\"text-editor.default\">\n\t\t\t\t<div class=\"elementor-widget-container\">\n\t\t\t\t\t\t\t\t\t<p>As of 2025, all information related to occupational health will have to be recorded and sent electronically by the system, a process that requires extra attention from the HR department.<\/p><p>Sending this data incorrectly or incompletely can have serious consequences, such as fines, labor lawsuits and inspections.<\/p><p><strong>What must be sent to eSocial system?<\/strong><\/p><p>Mandatory OSH events include<\/p><p>&#8211; Identification of the worker and employment relationship.<\/p><p>&#8211; Information on occupational medical examinations.<\/p><p>&#8211; Details of the Occupational Health Certificate (ASO).<\/p><p>&#8211; Clinical assessments and complementary tests carried out by the worker.<\/p><p><strong>How do I send it?<\/strong><\/p><p>The process must be carried out directly in the eSocial system:<\/p><ol><li>Access the system.<\/li><li>Select the <strong>eSocial Management menu<\/strong>.<\/li><li>Choose <strong>OSH Events<\/strong>.<\/li><li>Select the events you want.<\/li><li>Click on <strong>Generate batch<\/strong>.<\/li><\/ol><p>Each batch can contain up to 50 events.<\/p><p>To access, you need to<\/p><p>&#8211; Login via <strong>Gov.br<\/strong><\/p><p>&#8211; \u201c<strong>eSocial &#8211; WEB Access Group<\/strong>\u201d access profile<\/p><p>&#8211; Active <strong>digital certificate<\/strong><\/p><p><strong>What does NR-1 stipulate?<\/strong><\/p><p>In addition to mapping and managing occupational risks through the Risk Management Program (PGR), NR-1 requires companies to formally <strong>report occupational risks and accidents to the government through eSocial system<\/strong>. This reinforces the importance of continuous and technically precise management.<\/p>\t\t\t\t\t\t\t\t<\/div>\n\t\t\t\t<\/div>\n\t\t\t\t<div class=\"elementor-element elementor-element-42ce03f elementor-widget elementor-widget-image\" data-id=\"42ce03f\" data-element_type=\"widget\" data-e-type=\"widget\" data-widget_type=\"image.default\">\n\t\t\t\t<div class=\"elementor-widget-container\">\n\t\t\t\t\t\t\t\t\t\t\t\t\t\t\t<img fetchpriority=\"high\" decoding=\"async\" width=\"800\" height=\"279\" src=\"https:\/\/www.pryorglobal.com\/wp-content\/uploads\/2025\/05\/Imagem-3-com-o-logo-1.png\" class=\"attachment-large size-large wp-image-15391\" alt=\"\" srcset=\"https:\/\/www.pryorglobal.com\/wp-content\/uploads\/2025\/05\/Imagem-3-com-o-logo-1.png 860w, https:\/\/www.pryorglobal.com\/wp-content\/uploads\/2025\/05\/Imagem-3-com-o-logo-1-300x105.png 300w, https:\/\/www.pryorglobal.com\/wp-content\/uploads\/2025\/05\/Imagem-3-com-o-logo-1-768x268.png 768w, https:\/\/www.pryorglobal.com\/wp-content\/uploads\/2025\/05\/Imagem-3-com-o-logo-1-18x6.png 18w\" sizes=\"(max-width: 800px) 100vw, 800px\" \/>\t\t\t\t\t\t\t\t\t\t\t\t\t\t\t<\/div>\n\t\t\t\t<\/div>\n\t\t\t\t<div class=\"elementor-element elementor-element-c7bcaae elementor-widget elementor-widget-text-editor\" data-id=\"c7bcaae\" data-element_type=\"widget\" data-e-type=\"widget\" data-widget_type=\"text-editor.default\">\n\t\t\t\t<div class=\"elementor-widget-container\">\n\t\t\t\t\t\t\t\t\t<p>Adapting to the new rules goes beyond compliance with legislation. It\u2019s about ensuring that the company is protected against legal risks, preserves the integrity of its employees and reinforces an organizational culture based on prevention.<\/p><p>In a scenario of constant change and an increasingly intricate regulatory environment, anticipating requirements is the best way to minimize legal risks and prepare your company for a secure future. <strong>Pryor Global<\/strong> is here to be the strategic partner that ensures the successful implementation of solutions that meet your company\u2019s needs and strengthen your culture of responsibility.<\/p><p><strong>Pryor<\/strong> supports companies in the implementation of NR-1 through its corporate insurance and benefits management area, offering customized solutions to ensure that all regulatory requirements are met efficiently.<\/p><p>Talk to our team!<\/p>\t\t\t\t\t\t\t\t<\/div>\n\t\t\t\t<\/div>\n\t\t\t\t\t<\/div>\n\t\t<\/div>\n\t\t\t\t\t<\/div>\n\t\t<\/section>\n\t\t\t\t<\/div>","protected":false},"excerpt":{"rendered":"<p>Pryor Global has been closely following the changes brought by the new NR-1 and its impact on companies. In previous articles, we covered the main points of the regulation and the risks involved in non-compliance. Now it\u2019s time to talk about an essential aspect: the integration of occupational safety and health (OSH) obligations into eSocial system.<\/p>","protected":false},"author":12,"featured_media":15386,"comment_status":"open","ping_status":"closed","sticky":false,"template":"","format":"standard","meta":{"footnotes":""},"categories":[20],"tags":[],"class_list":["post-15385","post","type-post","status-publish","format-standard","has-post-thumbnail","hentry","category-gestao-de-beneficios-e-seguros-corporativos"],"yoast_head":"<!-- This site is optimized with the Yoast SEO plugin v27.4 - https:\/\/yoast.com\/product\/yoast-seo-wordpress\/ -->\n<title>NR-1 e eSocial: o que muda para as empresas em 2025?<\/title>\n<meta name=\"description\" content=\"A Pryor Global vem acompanhando de perto as mudan\u00e7as trazidas pela nova NR-1 e seus impactos sobre as empresas. Em artigos anteriores, abordamos os principais pontos da norma e os riscos envolvidos na falta de conformidade. Agora, \u00e9 hora de falar sobre um aspecto essencial: a integra\u00e7\u00e3o das obriga\u00e7\u00f5es de seguran\u00e7a e sa\u00fade no trabalho (SST) ao eSocial.\" \/>\n<meta name=\"robots\" content=\"noindex, follow\" \/>\n<meta property=\"og:locale\" content=\"en_US\" \/>\n<meta property=\"og:type\" content=\"article\" \/>\n<meta property=\"og:title\" content=\"NR-1 e eSocial: o que muda para as empresas em 2025?\" \/>\n<meta property=\"og:description\" content=\"A Pryor Global vem acompanhando de perto as mudan\u00e7as trazidas pela nova NR-1 e seus impactos sobre as empresas. Em artigos anteriores, abordamos os principais pontos da norma e os riscos envolvidos na falta de conformidade. Agora, \u00e9 hora de falar sobre um aspecto essencial: a integra\u00e7\u00e3o das obriga\u00e7\u00f5es de seguran\u00e7a e sa\u00fade no trabalho (SST) ao eSocial.\" \/>\n<meta property=\"og:url\" content=\"https:\/\/www.pryorglobal.com\/en\/nr-1-e-esocial-o-que-muda-para-as-empresas-em-2025\/\" \/>\n<meta property=\"og:site_name\" content=\"Pryor Global\" \/>\n<meta property=\"article:publisher\" content=\"https:\/\/www.facebook.com\/pryorglobal.oficial\/\" \/>\n<meta property=\"article:published_time\" content=\"2025-05-05T21:04:54+00:00\" \/>\n<meta property=\"article:modified_time\" content=\"2025-05-05T21:14:18+00:00\" \/>\n<meta property=\"og:image\" content=\"https:\/\/www.pryorglobal.com\/wp-content\/uploads\/2025\/05\/Imagem-1-1.jpeg\" \/>\n\t<meta property=\"og:image:width\" content=\"1060\" \/>\n\t<meta property=\"og:image:height\" content=\"706\" \/>\n\t<meta property=\"og:image:type\" content=\"image\/jpeg\" \/>\n<meta name=\"author\" content=\"Mariana Pascoal\" \/>\n<meta name=\"twitter:card\" content=\"summary_large_image\" \/>\n<meta name=\"twitter:label1\" content=\"Written by\" \/>\n\t<meta name=\"twitter:data1\" content=\"Mariana Pascoal\" \/>\n\t<meta name=\"twitter:label2\" content=\"Est. reading time\" \/>\n\t<meta name=\"twitter:data2\" content=\"6 minutes\" \/>\n<script type=\"application\/ld+json\" class=\"yoast-schema-graph\">{\"@context\":\"https:\\\/\\\/schema.org\",\"@graph\":[{\"@type\":\"Article\",\"@id\":\"https:\\\/\\\/www.pryorglobal.com\\\/nr-1-e-esocial-o-que-muda-para-as-empresas-em-2025\\\/#article\",\"isPartOf\":{\"@id\":\"https:\\\/\\\/www.pryorglobal.com\\\/nr-1-e-esocial-o-que-muda-para-as-empresas-em-2025\\\/\"},\"author\":{\"name\":\"Mariana Pascoal\",\"@id\":\"https:\\\/\\\/www.pryorglobal.com\\\/#\\\/schema\\\/person\\\/0909774819a055291ed35ca20974a511\"},\"headline\":\"NR-1 e eSocial: o que muda para as empresas em 2025?\",\"datePublished\":\"2025-05-05T21:04:54+00:00\",\"dateModified\":\"2025-05-05T21:14:18+00:00\",\"mainEntityOfPage\":{\"@id\":\"https:\\\/\\\/www.pryorglobal.com\\\/nr-1-e-esocial-o-que-muda-para-as-empresas-em-2025\\\/\"},\"wordCount\":838,\"commentCount\":0,\"publisher\":{\"@id\":\"https:\\\/\\\/www.pryorglobal.com\\\/#organization\"},\"image\":{\"@id\":\"https:\\\/\\\/www.pryorglobal.com\\\/nr-1-e-esocial-o-que-muda-para-as-empresas-em-2025\\\/#primaryimage\"},\"thumbnailUrl\":\"https:\\\/\\\/www.pryorglobal.com\\\/wp-content\\\/uploads\\\/2025\\\/05\\\/Imagem-1-1.jpeg\",\"articleSection\":[\"Gest\u00e3o de benef\u00edcios e seguros corporativos\"],\"inLanguage\":\"en-US\",\"potentialAction\":[{\"@type\":\"CommentAction\",\"name\":\"Comment\",\"target\":[\"https:\\\/\\\/www.pryorglobal.com\\\/nr-1-e-esocial-o-que-muda-para-as-empresas-em-2025\\\/#respond\"]}]},{\"@type\":\"WebPage\",\"@id\":\"https:\\\/\\\/www.pryorglobal.com\\\/nr-1-e-esocial-o-que-muda-para-as-empresas-em-2025\\\/\",\"url\":\"https:\\\/\\\/www.pryorglobal.com\\\/nr-1-e-esocial-o-que-muda-para-as-empresas-em-2025\\\/\",\"name\":\"NR-1 e eSocial: o que muda para as empresas em 2025?\",\"isPartOf\":{\"@id\":\"https:\\\/\\\/www.pryorglobal.com\\\/#website\"},\"primaryImageOfPage\":{\"@id\":\"https:\\\/\\\/www.pryorglobal.com\\\/nr-1-e-esocial-o-que-muda-para-as-empresas-em-2025\\\/#primaryimage\"},\"image\":{\"@id\":\"https:\\\/\\\/www.pryorglobal.com\\\/nr-1-e-esocial-o-que-muda-para-as-empresas-em-2025\\\/#primaryimage\"},\"thumbnailUrl\":\"https:\\\/\\\/www.pryorglobal.com\\\/wp-content\\\/uploads\\\/2025\\\/05\\\/Imagem-1-1.jpeg\",\"datePublished\":\"2025-05-05T21:04:54+00:00\",\"dateModified\":\"2025-05-05T21:14:18+00:00\",\"description\":\"A Pryor Global vem acompanhando de perto as mudan\u00e7as trazidas pela nova NR-1 e seus impactos sobre as empresas. Em artigos anteriores, abordamos os principais pontos da norma e os riscos envolvidos na falta de conformidade. Agora, \u00e9 hora de falar sobre um aspecto essencial: a integra\u00e7\u00e3o das obriga\u00e7\u00f5es de seguran\u00e7a e sa\u00fade no trabalho (SST) ao eSocial.\",\"breadcrumb\":{\"@id\":\"https:\\\/\\\/www.pryorglobal.com\\\/nr-1-e-esocial-o-que-muda-para-as-empresas-em-2025\\\/#breadcrumb\"},\"inLanguage\":\"en-US\",\"potentialAction\":[{\"@type\":\"ReadAction\",\"target\":[\"https:\\\/\\\/www.pryorglobal.com\\\/nr-1-e-esocial-o-que-muda-para-as-empresas-em-2025\\\/\"]}]},{\"@type\":\"ImageObject\",\"inLanguage\":\"en-US\",\"@id\":\"https:\\\/\\\/www.pryorglobal.com\\\/nr-1-e-esocial-o-que-muda-para-as-empresas-em-2025\\\/#primaryimage\",\"url\":\"https:\\\/\\\/www.pryorglobal.com\\\/wp-content\\\/uploads\\\/2025\\\/05\\\/Imagem-1-1.jpeg\",\"contentUrl\":\"https:\\\/\\\/www.pryorglobal.com\\\/wp-content\\\/uploads\\\/2025\\\/05\\\/Imagem-1-1.jpeg\",\"width\":1060,\"height\":706},{\"@type\":\"BreadcrumbList\",\"@id\":\"https:\\\/\\\/www.pryorglobal.com\\\/nr-1-e-esocial-o-que-muda-para-as-empresas-em-2025\\\/#breadcrumb\",\"itemListElement\":[{\"@type\":\"ListItem\",\"position\":1,\"name\":\"In\u00edcio\",\"item\":\"https:\\\/\\\/www.pryorglobal.com\\\/\"},{\"@type\":\"ListItem\",\"position\":2,\"name\":\"NR-1 e eSocial: o que muda para as empresas em 2025?\"}]},{\"@type\":\"WebSite\",\"@id\":\"https:\\\/\\\/www.pryorglobal.com\\\/#website\",\"url\":\"https:\\\/\\\/www.pryorglobal.com\\\/\",\"name\":\"Pryor Global\",\"description\":\"\",\"publisher\":{\"@id\":\"https:\\\/\\\/www.pryorglobal.com\\\/#organization\"},\"potentialAction\":[{\"@type\":\"SearchAction\",\"target\":{\"@type\":\"EntryPoint\",\"urlTemplate\":\"https:\\\/\\\/www.pryorglobal.com\\\/?s={search_term_string}\"},\"query-input\":{\"@type\":\"PropertyValueSpecification\",\"valueRequired\":true,\"valueName\":\"search_term_string\"}}],\"inLanguage\":\"en-US\"},{\"@type\":\"Organization\",\"@id\":\"https:\\\/\\\/www.pryorglobal.com\\\/#organization\",\"name\":\"Pryor Global\",\"url\":\"https:\\\/\\\/www.pryorglobal.com\\\/\",\"logo\":{\"@type\":\"ImageObject\",\"inLanguage\":\"en-US\",\"@id\":\"https:\\\/\\\/www.pryorglobal.com\\\/#\\\/schema\\\/logo\\\/image\\\/\",\"url\":\"https:\\\/\\\/www.pryorglobal.com\\\/wp-content\\\/uploads\\\/2024\\\/09\\\/logo_pryor.svg\",\"contentUrl\":\"https:\\\/\\\/www.pryorglobal.com\\\/wp-content\\\/uploads\\\/2024\\\/09\\\/logo_pryor.svg\",\"caption\":\"Pryor Global\"},\"image\":{\"@id\":\"https:\\\/\\\/www.pryorglobal.com\\\/#\\\/schema\\\/logo\\\/image\\\/\"},\"sameAs\":[\"https:\\\/\\\/www.facebook.com\\\/pryorglobal.oficial\\\/\",\"https:\\\/\\\/www.instagram.com\\\/pryorglobal\\\/\",\"https:\\\/\\\/www.linkedin.com\\\/company\\\/pryorglobal\\\/\"]},{\"@type\":\"Person\",\"@id\":\"https:\\\/\\\/www.pryorglobal.com\\\/#\\\/schema\\\/person\\\/0909774819a055291ed35ca20974a511\",\"name\":\"Mariana Pascoal\",\"image\":{\"@type\":\"ImageObject\",\"inLanguage\":\"en-US\",\"@id\":\"https:\\\/\\\/secure.gravatar.com\\\/avatar\\\/c57f11363e20c442613118eceadef86d0ac7b7171a7dff35b48b8ca41dd1d23c?s=96&d=mm&r=g\",\"url\":\"https:\\\/\\\/secure.gravatar.com\\\/avatar\\\/c57f11363e20c442613118eceadef86d0ac7b7171a7dff35b48b8ca41dd1d23c?s=96&d=mm&r=g\",\"contentUrl\":\"https:\\\/\\\/secure.gravatar.com\\\/avatar\\\/c57f11363e20c442613118eceadef86d0ac7b7171a7dff35b48b8ca41dd1d23c?s=96&d=mm&r=g\",\"caption\":\"Mariana Pascoal\"}}]}<\/script>\n<!-- \/ Yoast SEO plugin. -->","yoast_head_json":{"title":"NR-1 and eSocial: what will change for companies in 2025?","description":"Pryor Global has been closely following the changes brought by the new NR-1 and its impact on companies. In previous articles, we covered the main points of the regulation and the risks involved in non-compliance. Now it\u2019s time to talk about an essential aspect: the integration of occupational safety and health (OSH) obligations into eSocial system.","robots":{"index":"noindex","follow":"follow"},"og_locale":"en_US","og_type":"article","og_title":"NR-1 e eSocial: o que muda para as empresas em 2025?","og_description":"A Pryor Global vem acompanhando de perto as mudan\u00e7as trazidas pela nova NR-1 e seus impactos sobre as empresas. Em artigos anteriores, abordamos os principais pontos da norma e os riscos envolvidos na falta de conformidade. Agora, \u00e9 hora de falar sobre um aspecto essencial: a integra\u00e7\u00e3o das obriga\u00e7\u00f5es de seguran\u00e7a e sa\u00fade no trabalho (SST) ao eSocial.","og_url":"https:\/\/www.pryorglobal.com\/en\/nr-1-e-esocial-o-que-muda-para-as-empresas-em-2025\/","og_site_name":"Pryor Global","article_publisher":"https:\/\/www.facebook.com\/pryorglobal.oficial\/","article_published_time":"2025-05-05T21:04:54+00:00","article_modified_time":"2025-05-05T21:14:18+00:00","og_image":[{"width":1060,"height":706,"url":"https:\/\/www.pryorglobal.com\/wp-content\/uploads\/2025\/05\/Imagem-1-1.jpeg","type":"image\/jpeg"}],"author":"Mariana Pascoal","twitter_card":"summary_large_image","twitter_misc":{"Written by":"Mariana Pascoal","Est. reading time":"6 minutes"},"schema":{"@context":"https:\/\/schema.org","@graph":[{"@type":"Article","@id":"https:\/\/www.pryorglobal.com\/nr-1-e-esocial-o-que-muda-para-as-empresas-em-2025\/#article","isPartOf":{"@id":"https:\/\/www.pryorglobal.com\/nr-1-e-esocial-o-que-muda-para-as-empresas-em-2025\/"},"author":{"name":"Mariana Pascoal","@id":"https:\/\/www.pryorglobal.com\/#\/schema\/person\/0909774819a055291ed35ca20974a511"},"headline":"NR-1 e eSocial: o que muda para as empresas em 2025?","datePublished":"2025-05-05T21:04:54+00:00","dateModified":"2025-05-05T21:14:18+00:00","mainEntityOfPage":{"@id":"https:\/\/www.pryorglobal.com\/nr-1-e-esocial-o-que-muda-para-as-empresas-em-2025\/"},"wordCount":838,"commentCount":0,"publisher":{"@id":"https:\/\/www.pryorglobal.com\/#organization"},"image":{"@id":"https:\/\/www.pryorglobal.com\/nr-1-e-esocial-o-que-muda-para-as-empresas-em-2025\/#primaryimage"},"thumbnailUrl":"https:\/\/www.pryorglobal.com\/wp-content\/uploads\/2025\/05\/Imagem-1-1.jpeg","articleSection":["Gest\u00e3o de benef\u00edcios e seguros corporativos"],"inLanguage":"en-US","potentialAction":[{"@type":"CommentAction","name":"Comment","target":["https:\/\/www.pryorglobal.com\/nr-1-e-esocial-o-que-muda-para-as-empresas-em-2025\/#respond"]}]},{"@type":"WebPage","@id":"https:\/\/www.pryorglobal.com\/nr-1-e-esocial-o-que-muda-para-as-empresas-em-2025\/","url":"https:\/\/www.pryorglobal.com\/nr-1-e-esocial-o-que-muda-para-as-empresas-em-2025\/","name":"NR-1 and eSocial: what will change for companies in 2025?","isPartOf":{"@id":"https:\/\/www.pryorglobal.com\/#website"},"primaryImageOfPage":{"@id":"https:\/\/www.pryorglobal.com\/nr-1-e-esocial-o-que-muda-para-as-empresas-em-2025\/#primaryimage"},"image":{"@id":"https:\/\/www.pryorglobal.com\/nr-1-e-esocial-o-que-muda-para-as-empresas-em-2025\/#primaryimage"},"thumbnailUrl":"https:\/\/www.pryorglobal.com\/wp-content\/uploads\/2025\/05\/Imagem-1-1.jpeg","datePublished":"2025-05-05T21:04:54+00:00","dateModified":"2025-05-05T21:14:18+00:00","description":"Pryor Global has been closely following the changes brought by the new NR-1 and its impact on companies. In previous articles, we covered the main points of the regulation and the risks involved in non-compliance. Now it\u2019s time to talk about an essential aspect: the integration of occupational safety and health (OSH) obligations into eSocial system.","breadcrumb":{"@id":"https:\/\/www.pryorglobal.com\/nr-1-e-esocial-o-que-muda-para-as-empresas-em-2025\/#breadcrumb"},"inLanguage":"en-US","potentialAction":[{"@type":"ReadAction","target":["https:\/\/www.pryorglobal.com\/nr-1-e-esocial-o-que-muda-para-as-empresas-em-2025\/"]}]},{"@type":"ImageObject","inLanguage":"en-US","@id":"https:\/\/www.pryorglobal.com\/nr-1-e-esocial-o-que-muda-para-as-empresas-em-2025\/#primaryimage","url":"https:\/\/www.pryorglobal.com\/wp-content\/uploads\/2025\/05\/Imagem-1-1.jpeg","contentUrl":"https:\/\/www.pryorglobal.com\/wp-content\/uploads\/2025\/05\/Imagem-1-1.jpeg","width":1060,"height":706},{"@type":"BreadcrumbList","@id":"https:\/\/www.pryorglobal.com\/nr-1-e-esocial-o-que-muda-para-as-empresas-em-2025\/#breadcrumb","itemListElement":[{"@type":"ListItem","position":1,"name":"In\u00edcio","item":"https:\/\/www.pryorglobal.com\/"},{"@type":"ListItem","position":2,"name":"NR-1 e eSocial: o que muda para as empresas em 2025?"}]},{"@type":"WebSite","@id":"https:\/\/www.pryorglobal.com\/#website","url":"https:\/\/www.pryorglobal.com\/","name":"Pryor Global","description":"","publisher":{"@id":"https:\/\/www.pryorglobal.com\/#organization"},"potentialAction":[{"@type":"SearchAction","target":{"@type":"EntryPoint","urlTemplate":"https:\/\/www.pryorglobal.com\/?s={search_term_string}"},"query-input":{"@type":"PropertyValueSpecification","valueRequired":true,"valueName":"search_term_string"}}],"inLanguage":"en-US"},{"@type":"Organization","@id":"https:\/\/www.pryorglobal.com\/#organization","name":"Pryor Global","url":"https:\/\/www.pryorglobal.com\/","logo":{"@type":"ImageObject","inLanguage":"en-US","@id":"https:\/\/www.pryorglobal.com\/#\/schema\/logo\/image\/","url":"https:\/\/www.pryorglobal.com\/wp-content\/uploads\/2024\/09\/logo_pryor.svg","contentUrl":"https:\/\/www.pryorglobal.com\/wp-content\/uploads\/2024\/09\/logo_pryor.svg","caption":"Pryor Global"},"image":{"@id":"https:\/\/www.pryorglobal.com\/#\/schema\/logo\/image\/"},"sameAs":["https:\/\/www.facebook.com\/pryorglobal.oficial\/","https:\/\/www.instagram.com\/pryorglobal\/","https:\/\/www.linkedin.com\/company\/pryorglobal\/"]},{"@type":"Person","@id":"https:\/\/www.pryorglobal.com\/#\/schema\/person\/0909774819a055291ed35ca20974a511","name":"Mariana Pascoal","image":{"@type":"ImageObject","inLanguage":"en-US","@id":"https:\/\/secure.gravatar.com\/avatar\/c57f11363e20c442613118eceadef86d0ac7b7171a7dff35b48b8ca41dd1d23c?s=96&d=mm&r=g","url":"https:\/\/secure.gravatar.com\/avatar\/c57f11363e20c442613118eceadef86d0ac7b7171a7dff35b48b8ca41dd1d23c?s=96&d=mm&r=g","contentUrl":"https:\/\/secure.gravatar.com\/avatar\/c57f11363e20c442613118eceadef86d0ac7b7171a7dff35b48b8ca41dd1d23c?s=96&d=mm&r=g","caption":"Mariana Pascoal"}}]}},"_links":{"self":[{"href":"https:\/\/www.pryorglobal.com\/en\/wp-json\/wp\/v2\/posts\/15385","targetHints":{"allow":["GET"]}}],"collection":[{"href":"https:\/\/www.pryorglobal.com\/en\/wp-json\/wp\/v2\/posts"}],"about":[{"href":"https:\/\/www.pryorglobal.com\/en\/wp-json\/wp\/v2\/types\/post"}],"author":[{"embeddable":true,"href":"https:\/\/www.pryorglobal.com\/en\/wp-json\/wp\/v2\/users\/12"}],"replies":[{"embeddable":true,"href":"https:\/\/www.pryorglobal.com\/en\/wp-json\/wp\/v2\/comments?post=15385"}],"version-history":[{"count":6,"href":"https:\/\/www.pryorglobal.com\/en\/wp-json\/wp\/v2\/posts\/15385\/revisions"}],"predecessor-version":[{"id":15394,"href":"https:\/\/www.pryorglobal.com\/en\/wp-json\/wp\/v2\/posts\/15385\/revisions\/15394"}],"wp:featuredmedia":[{"embeddable":true,"href":"https:\/\/www.pryorglobal.com\/en\/wp-json\/wp\/v2\/media\/15386"}],"wp:attachment":[{"href":"https:\/\/www.pryorglobal.com\/en\/wp-json\/wp\/v2\/media?parent=15385"}],"wp:term":[{"taxonomy":"category","embeddable":true,"href":"https:\/\/www.pryorglobal.com\/en\/wp-json\/wp\/v2\/categories?post=15385"},{"taxonomy":"post_tag","embeddable":true,"href":"https:\/\/www.pryorglobal.com\/en\/wp-json\/wp\/v2\/tags?post=15385"}],"curies":[{"name":"wp","href":"https:\/\/api.w.org\/{rel}","templated":true}]}}