{"id":15055,"date":"2025-01-31T17:22:15","date_gmt":"2025-01-31T20:22:15","guid":{"rendered":"https:\/\/www.pryorglobal.com\/?p=15055"},"modified":"2025-02-07T10:27:18","modified_gmt":"2025-02-07T13:27:18","slug":"um-novo-capitulo-da-reforma-tributaria","status":"publish","type":"post","link":"https:\/\/www.pryorglobal.com\/en\/um-novo-capitulo-da-reforma-tributaria\/","title":{"rendered":"A new chapter in tax reform"},"content":{"rendered":"<div data-elementor-type=\"wp-post\" data-elementor-id=\"15055\" class=\"elementor elementor-15055\" data-elementor-post-type=\"post\">\n\t\t\t\t\t\t<section class=\"elementor-section elementor-top-section elementor-element elementor-element-4f2b404 elementor-section-boxed elementor-section-height-default elementor-section-height-default\" data-id=\"4f2b404\" data-element_type=\"section\" data-e-type=\"section\" data-no-translation=\"\">\n\t\t\t\t\t\t<div class=\"elementor-container elementor-column-gap-default\">\n\t\t\t\t\t<div class=\"elementor-column elementor-col-100 elementor-top-column elementor-element elementor-element-9c281a5\" data-id=\"9c281a5\" data-element_type=\"column\" data-e-type=\"column\">\n\t\t\t<div class=\"elementor-widget-wrap elementor-element-populated\">\n\t\t\t\t\t\t<div class=\"elementor-element elementor-element-cbf0b03 elementor-widget elementor-widget-text-editor\" data-id=\"cbf0b03\" data-element_type=\"widget\" data-e-type=\"widget\" data-widget_type=\"text-editor.default\">\n\t\t\t\t<div class=\"elementor-widget-container\">\n\t\t\t\t\t\t\t\t\t<p><strong>Tax reform<\/strong> is moving forward in Brazil with the recent approval of the supplementary bill (<a href=\"https:\/\/www25.senado.leg.br\/web\/atividade\/materias\/-\/materia\/164914\"><strong>PLP 68\/2024<\/strong><\/a>) by the Chamber of Deputies, consolidating important changes to the tax system. It is worth remembering that the proposal aims to replace federal, state and municipal taxes with a dual system of Value Added Tax (VAT), divided between the Contribution on Goods and Services (CBS) and the Tax on Goods and Services (IBS).<\/p>\t\t\t\t\t\t\t\t<\/div>\n\t\t\t\t<\/div>\n\t\t\t\t<div class=\"elementor-element elementor-element-830e89a elementor-widget elementor-widget-image\" data-id=\"830e89a\" data-element_type=\"widget\" data-e-type=\"widget\" data-widget_type=\"image.default\">\n\t\t\t\t<div class=\"elementor-widget-container\">\n\t\t\t\t\t\t\t\t\t\t\t\t\t\t\t<img decoding=\"async\" src=\"https:\/\/www.pryorglobal.com\/wp-content\/uploads\/2025\/01\/Imagem-2-com-o-logo-3.png\" title=\"Imagem 2 com o logo\" alt=\"Imagem 2 com o logo\" loading=\"lazy\" \/>\t\t\t\t\t\t\t\t\t\t\t\t\t\t\t<\/div>\n\t\t\t\t<\/div>\n\t\t\t\t<div class=\"elementor-element elementor-element-09c3368 elementor-drop-cap-yes elementor-widget__width-initial elementor-drop-cap-view-default elementor-widget elementor-widget-text-editor\" data-id=\"09c3368\" data-element_type=\"widget\" data-e-type=\"widget\" data-settings=\"{&quot;drop_cap&quot;:&quot;yes&quot;}\" data-widget_type=\"text-editor.default\">\n\t\t\t\t<div class=\"elementor-widget-container\">\n\t\t\t\t\t\t\t\t\t<p>However, the reform raises concerns about the <strong>tax burden<\/strong> and operationalization. The rate ceiling was set at 26.5% from 2033, but projections indicate that the effective rate could reach 27.84%. The government has until 2031 to reassess the exceptions and ensure that the ceiling is respected.<\/p><p>In addition, products in the basic food basket will now have a <strong>zero rate<\/strong>, while selected food and hygiene items will see a 60% reduction in rates. Some products will be subject to the Selective Tax (IS) surcharge, which is levied on goods that are harmful to health and the environment.<\/p><p>Essential sectors, such as education and services, may face an increase in the tax burden. Education will receive a 60% reduction in the tax rate but may be affected by rising supplier costs. Independent professionals will have a 30% discount, provided they are regulated by a professional council, but this benefit may not offset the jump in the base tax rate, ultimately increasing the overall tax burden.<\/p><p>The transition to the new system will be gradual, starting in 2026 with the application of test rates for CBS and IBS. In 2027, CBS will be fully implemented, and between 2029 and 2032 ICMS and ISS will be replaced by IBS.<\/p><p>Between 2027 and 2033, tax rates will be gradually adjusted, and current taxes will be phased out.<\/p>\t\t\t\t\t\t\t\t<\/div>\n\t\t\t\t<\/div>\n\t\t\t\t<div class=\"elementor-element elementor-element-80ce6c1 elementor-widget elementor-widget-image\" data-id=\"80ce6c1\" data-element_type=\"widget\" data-e-type=\"widget\" data-widget_type=\"image.default\">\n\t\t\t\t<div class=\"elementor-widget-container\">\n\t\t\t\t\t\t\t\t\t\t\t\t\t\t\t<img fetchpriority=\"high\" decoding=\"async\" width=\"800\" height=\"279\" src=\"https:\/\/www.pryorglobal.com\/wp-content\/uploads\/2025\/01\/Imagem-3-com-o-logo-1-1.png\" class=\"attachment-large size-large wp-image-15057\" alt=\"\" srcset=\"https:\/\/www.pryorglobal.com\/wp-content\/uploads\/2025\/01\/Imagem-3-com-o-logo-1-1.png 860w, https:\/\/www.pryorglobal.com\/wp-content\/uploads\/2025\/01\/Imagem-3-com-o-logo-1-1-300x105.png 300w, https:\/\/www.pryorglobal.com\/wp-content\/uploads\/2025\/01\/Imagem-3-com-o-logo-1-1-768x268.png 768w, https:\/\/www.pryorglobal.com\/wp-content\/uploads\/2025\/01\/Imagem-3-com-o-logo-1-1-18x6.png 18w\" sizes=\"(max-width: 800px) 100vw, 800px\" \/>\t\t\t\t\t\t\t\t\t\t\t\t\t\t\t<\/div>\n\t\t\t\t<\/div>\n\t\t\t\t<div class=\"elementor-element elementor-element-c742e29 elementor-widget elementor-widget-text-editor\" data-id=\"c742e29\" data-element_type=\"widget\" data-e-type=\"widget\" data-no-translation=\"\" data-widget_type=\"text-editor.default\">\n\t\t\t\t<div class=\"elementor-widget-container\">\n\t\t\t\t\t\t\t\t\t<p>Although the reform brings advances in the modernization of the tax system, the risks of an increase in the tax burden and greater operational complexity remain. Only time will tell whether Brazilian taxpayers will really benefit from the changes.<\/p><p>In this context of tax transformation, the partnership of a company like Pryor Global becomes essential. We offer Business Process Solutions (<strong>BPS<\/strong>), helping companies to manage financial, accounting and administrative processes efficiently. With global expertise and advanced technology, Pryor helps its clients adapt to new tax requirements, ensuring compliance and cost optimization in a constantly evolving regulatory environment.<\/p><p>Talk to one of our experts and prepare your company for the changes!<\/p>\t\t\t\t\t\t\t\t<\/div>\n\t\t\t\t<\/div>\n\t\t\t\t\t<\/div>\n\t\t<\/div>\n\t\t\t\t\t<\/div>\n\t\t<\/section>\n\t\t\t\t<\/div>","protected":false},"excerpt":{"rendered":"<p>Tax reform is moving forward in Brazil with the recent approval of the supplementary bill (PLP 68\/2024) by the Chamber of Deputies, consolidating important changes to the tax system. It is worth remembering that the proposal aims to replace federal, state and municipal taxes with a dual system of Value Added Tax (VAT), divided between the Contribution on Goods and Services (CBS) and the Tax on Goods and Services (IBS).<\/p>","protected":false},"author":12,"featured_media":15058,"comment_status":"open","ping_status":"closed","sticky":false,"template":"","format":"standard","meta":{"footnotes":""},"categories":[287],"tags":[],"class_list":["post-15055","post","type-post","status-publish","format-standard","has-post-thumbnail","hentry","category-bps-business-process-solutions"],"yoast_head":"<!-- This site is optimized with the Yoast SEO plugin v27.4 - https:\/\/yoast.com\/product\/yoast-seo-wordpress\/ -->\n<title>Um novo cap\u00edtulo da reforma tribut\u00e1ria<\/title>\n<meta name=\"description\" content=\"A reforma tribut\u00e1ria brasileira avan\u00e7a com a recente aprova\u00e7\u00e3o do projeto de lei complementar (PLP 68\/2024) pela C\u00e2mara dos Deputados, consolidando mudan\u00e7as importantes para o sistema fiscal. Vale relembrar que a proposta visa substituir tributos federais, estaduais e municipais por um sistema dual de Imposto sobre Valor Agregado (IVA), dividido entre a Contribui\u00e7\u00e3o sobre Bens e Servi\u00e7os (CBS) e o Imposto sobre Bens e Servi\u00e7os (IBS).\" \/>\n<meta name=\"robots\" content=\"noindex, follow\" \/>\n<meta property=\"og:locale\" content=\"en_US\" \/>\n<meta property=\"og:type\" content=\"article\" \/>\n<meta property=\"og:title\" content=\"Um novo cap\u00edtulo da reforma tribut\u00e1ria\" \/>\n<meta property=\"og:description\" content=\"A reforma tribut\u00e1ria brasileira avan\u00e7a com a recente aprova\u00e7\u00e3o do projeto de lei complementar (PLP 68\/2024) pela C\u00e2mara dos Deputados, consolidando mudan\u00e7as importantes para o sistema fiscal. Vale relembrar que a proposta visa substituir tributos federais, estaduais e municipais por um sistema dual de Imposto sobre Valor Agregado (IVA), dividido entre a Contribui\u00e7\u00e3o sobre Bens e Servi\u00e7os (CBS) e o Imposto sobre Bens e Servi\u00e7os (IBS).\" \/>\n<meta property=\"og:url\" content=\"https:\/\/www.pryorglobal.com\/en\/um-novo-capitulo-da-reforma-tributaria\/\" \/>\n<meta property=\"og:site_name\" content=\"Pryor Global\" \/>\n<meta property=\"article:publisher\" content=\"https:\/\/www.facebook.com\/pryorglobal.oficial\/\" \/>\n<meta property=\"article:published_time\" content=\"2025-01-31T20:22:15+00:00\" \/>\n<meta property=\"article:modified_time\" content=\"2025-02-07T13:27:18+00:00\" \/>\n<meta property=\"og:image\" content=\"https:\/\/www.pryorglobal.com\/wp-content\/uploads\/2025\/01\/Imagem-1-2-scaled.jpg\" \/>\n\t<meta property=\"og:image:width\" content=\"2560\" \/>\n\t<meta property=\"og:image:height\" content=\"1707\" \/>\n\t<meta property=\"og:image:type\" content=\"image\/jpeg\" \/>\n<meta name=\"author\" content=\"Mariana Pascoal\" \/>\n<meta name=\"twitter:card\" content=\"summary_large_image\" \/>\n<meta name=\"twitter:label1\" content=\"Written by\" \/>\n\t<meta name=\"twitter:data1\" content=\"Mariana Pascoal\" \/>\n\t<meta name=\"twitter:label2\" content=\"Est. reading time\" \/>\n\t<meta name=\"twitter:data2\" content=\"6 minutes\" \/>\n<script type=\"application\/ld+json\" class=\"yoast-schema-graph\">{\"@context\":\"https:\\\/\\\/schema.org\",\"@graph\":[{\"@type\":\"Article\",\"@id\":\"https:\\\/\\\/www.pryorglobal.com\\\/um-novo-capitulo-da-reforma-tributaria\\\/#article\",\"isPartOf\":{\"@id\":\"https:\\\/\\\/www.pryorglobal.com\\\/um-novo-capitulo-da-reforma-tributaria\\\/\"},\"author\":{\"name\":\"Mariana Pascoal\",\"@id\":\"https:\\\/\\\/www.pryorglobal.com\\\/#\\\/schema\\\/person\\\/0909774819a055291ed35ca20974a511\"},\"headline\":\"Um novo cap\u00edtulo da reforma tribut\u00e1ria\",\"datePublished\":\"2025-01-31T20:22:15+00:00\",\"dateModified\":\"2025-02-07T13:27:18+00:00\",\"mainEntityOfPage\":{\"@id\":\"https:\\\/\\\/www.pryorglobal.com\\\/um-novo-capitulo-da-reforma-tributaria\\\/\"},\"wordCount\":841,\"commentCount\":0,\"publisher\":{\"@id\":\"https:\\\/\\\/www.pryorglobal.com\\\/#organization\"},\"image\":{\"@id\":\"https:\\\/\\\/www.pryorglobal.com\\\/um-novo-capitulo-da-reforma-tributaria\\\/#primaryimage\"},\"thumbnailUrl\":\"https:\\\/\\\/www.pryorglobal.com\\\/wp-content\\\/uploads\\\/2025\\\/01\\\/Imagem-1-2-scaled.jpg\",\"articleSection\":[\"BPS (Business Process Solutions)\"],\"inLanguage\":\"en-US\",\"potentialAction\":[{\"@type\":\"CommentAction\",\"name\":\"Comment\",\"target\":[\"https:\\\/\\\/www.pryorglobal.com\\\/um-novo-capitulo-da-reforma-tributaria\\\/#respond\"]}]},{\"@type\":\"WebPage\",\"@id\":\"https:\\\/\\\/www.pryorglobal.com\\\/um-novo-capitulo-da-reforma-tributaria\\\/\",\"url\":\"https:\\\/\\\/www.pryorglobal.com\\\/um-novo-capitulo-da-reforma-tributaria\\\/\",\"name\":\"Um novo cap\u00edtulo da reforma tribut\u00e1ria\",\"isPartOf\":{\"@id\":\"https:\\\/\\\/www.pryorglobal.com\\\/#website\"},\"primaryImageOfPage\":{\"@id\":\"https:\\\/\\\/www.pryorglobal.com\\\/um-novo-capitulo-da-reforma-tributaria\\\/#primaryimage\"},\"image\":{\"@id\":\"https:\\\/\\\/www.pryorglobal.com\\\/um-novo-capitulo-da-reforma-tributaria\\\/#primaryimage\"},\"thumbnailUrl\":\"https:\\\/\\\/www.pryorglobal.com\\\/wp-content\\\/uploads\\\/2025\\\/01\\\/Imagem-1-2-scaled.jpg\",\"datePublished\":\"2025-01-31T20:22:15+00:00\",\"dateModified\":\"2025-02-07T13:27:18+00:00\",\"description\":\"A reforma tribut\u00e1ria brasileira avan\u00e7a com a recente aprova\u00e7\u00e3o do projeto de lei complementar (PLP 68\\\/2024) pela C\u00e2mara dos Deputados, consolidando mudan\u00e7as importantes para o sistema fiscal. Vale relembrar que a proposta visa substituir tributos federais, estaduais e municipais por um sistema dual de Imposto sobre Valor Agregado (IVA), dividido entre a Contribui\u00e7\u00e3o sobre Bens e Servi\u00e7os (CBS) e o Imposto sobre Bens e Servi\u00e7os (IBS).\",\"breadcrumb\":{\"@id\":\"https:\\\/\\\/www.pryorglobal.com\\\/um-novo-capitulo-da-reforma-tributaria\\\/#breadcrumb\"},\"inLanguage\":\"en-US\",\"potentialAction\":[{\"@type\":\"ReadAction\",\"target\":[\"https:\\\/\\\/www.pryorglobal.com\\\/um-novo-capitulo-da-reforma-tributaria\\\/\"]}]},{\"@type\":\"ImageObject\",\"inLanguage\":\"en-US\",\"@id\":\"https:\\\/\\\/www.pryorglobal.com\\\/um-novo-capitulo-da-reforma-tributaria\\\/#primaryimage\",\"url\":\"https:\\\/\\\/www.pryorglobal.com\\\/wp-content\\\/uploads\\\/2025\\\/01\\\/Imagem-1-2-scaled.jpg\",\"contentUrl\":\"https:\\\/\\\/www.pryorglobal.com\\\/wp-content\\\/uploads\\\/2025\\\/01\\\/Imagem-1-2-scaled.jpg\",\"width\":2560,\"height\":1707,\"caption\":\"Finances Saving Economy concept. Female accountant or banker use calculator.\"},{\"@type\":\"BreadcrumbList\",\"@id\":\"https:\\\/\\\/www.pryorglobal.com\\\/um-novo-capitulo-da-reforma-tributaria\\\/#breadcrumb\",\"itemListElement\":[{\"@type\":\"ListItem\",\"position\":1,\"name\":\"In\u00edcio\",\"item\":\"https:\\\/\\\/www.pryorglobal.com\\\/\"},{\"@type\":\"ListItem\",\"position\":2,\"name\":\"Um novo cap\u00edtulo da reforma tribut\u00e1ria\"}]},{\"@type\":\"WebSite\",\"@id\":\"https:\\\/\\\/www.pryorglobal.com\\\/#website\",\"url\":\"https:\\\/\\\/www.pryorglobal.com\\\/\",\"name\":\"Pryor Global\",\"description\":\"\",\"publisher\":{\"@id\":\"https:\\\/\\\/www.pryorglobal.com\\\/#organization\"},\"potentialAction\":[{\"@type\":\"SearchAction\",\"target\":{\"@type\":\"EntryPoint\",\"urlTemplate\":\"https:\\\/\\\/www.pryorglobal.com\\\/?s={search_term_string}\"},\"query-input\":{\"@type\":\"PropertyValueSpecification\",\"valueRequired\":true,\"valueName\":\"search_term_string\"}}],\"inLanguage\":\"en-US\"},{\"@type\":\"Organization\",\"@id\":\"https:\\\/\\\/www.pryorglobal.com\\\/#organization\",\"name\":\"Pryor Global\",\"url\":\"https:\\\/\\\/www.pryorglobal.com\\\/\",\"logo\":{\"@type\":\"ImageObject\",\"inLanguage\":\"en-US\",\"@id\":\"https:\\\/\\\/www.pryorglobal.com\\\/#\\\/schema\\\/logo\\\/image\\\/\",\"url\":\"https:\\\/\\\/www.pryorglobal.com\\\/wp-content\\\/uploads\\\/2024\\\/09\\\/logo_pryor.svg\",\"contentUrl\":\"https:\\\/\\\/www.pryorglobal.com\\\/wp-content\\\/uploads\\\/2024\\\/09\\\/logo_pryor.svg\",\"caption\":\"Pryor Global\"},\"image\":{\"@id\":\"https:\\\/\\\/www.pryorglobal.com\\\/#\\\/schema\\\/logo\\\/image\\\/\"},\"sameAs\":[\"https:\\\/\\\/www.facebook.com\\\/pryorglobal.oficial\\\/\",\"https:\\\/\\\/www.instagram.com\\\/pryorglobal\\\/\",\"https:\\\/\\\/www.linkedin.com\\\/company\\\/pryorglobal\\\/\"]},{\"@type\":\"Person\",\"@id\":\"https:\\\/\\\/www.pryorglobal.com\\\/#\\\/schema\\\/person\\\/0909774819a055291ed35ca20974a511\",\"name\":\"Mariana Pascoal\",\"image\":{\"@type\":\"ImageObject\",\"inLanguage\":\"en-US\",\"@id\":\"https:\\\/\\\/secure.gravatar.com\\\/avatar\\\/c57f11363e20c442613118eceadef86d0ac7b7171a7dff35b48b8ca41dd1d23c?s=96&d=mm&r=g\",\"url\":\"https:\\\/\\\/secure.gravatar.com\\\/avatar\\\/c57f11363e20c442613118eceadef86d0ac7b7171a7dff35b48b8ca41dd1d23c?s=96&d=mm&r=g\",\"contentUrl\":\"https:\\\/\\\/secure.gravatar.com\\\/avatar\\\/c57f11363e20c442613118eceadef86d0ac7b7171a7dff35b48b8ca41dd1d23c?s=96&d=mm&r=g\",\"caption\":\"Mariana Pascoal\"}}]}<\/script>\n<!-- \/ Yoast SEO plugin. -->","yoast_head_json":{"title":"A new chapter in tax reform","description":"Tax reform is moving forward in Brazil with the recent approval of the supplementary bill (PLP 68\/2024) by the Chamber of Deputies, consolidating important changes to the tax system. It is worth remembering that the proposal aims to replace federal, state and municipal taxes with a dual system of Value Added Tax (VAT), divided between the Contribution on Goods and Services (CBS) and the Tax on Goods and Services (IBS).","robots":{"index":"noindex","follow":"follow"},"og_locale":"en_US","og_type":"article","og_title":"Um novo cap\u00edtulo da reforma tribut\u00e1ria","og_description":"A reforma tribut\u00e1ria brasileira avan\u00e7a com a recente aprova\u00e7\u00e3o do projeto de lei complementar (PLP 68\/2024) pela C\u00e2mara dos Deputados, consolidando mudan\u00e7as importantes para o sistema fiscal. Vale relembrar que a proposta visa substituir tributos federais, estaduais e municipais por um sistema dual de Imposto sobre Valor Agregado (IVA), dividido entre a Contribui\u00e7\u00e3o sobre Bens e Servi\u00e7os (CBS) e o Imposto sobre Bens e Servi\u00e7os (IBS).","og_url":"https:\/\/www.pryorglobal.com\/en\/um-novo-capitulo-da-reforma-tributaria\/","og_site_name":"Pryor Global","article_publisher":"https:\/\/www.facebook.com\/pryorglobal.oficial\/","article_published_time":"2025-01-31T20:22:15+00:00","article_modified_time":"2025-02-07T13:27:18+00:00","og_image":[{"width":2560,"height":1707,"url":"https:\/\/www.pryorglobal.com\/wp-content\/uploads\/2025\/01\/Imagem-1-2-scaled.jpg","type":"image\/jpeg"}],"author":"Mariana Pascoal","twitter_card":"summary_large_image","twitter_misc":{"Written by":"Mariana Pascoal","Est. reading time":"6 minutes"},"schema":{"@context":"https:\/\/schema.org","@graph":[{"@type":"Article","@id":"https:\/\/www.pryorglobal.com\/um-novo-capitulo-da-reforma-tributaria\/#article","isPartOf":{"@id":"https:\/\/www.pryorglobal.com\/um-novo-capitulo-da-reforma-tributaria\/"},"author":{"name":"Mariana Pascoal","@id":"https:\/\/www.pryorglobal.com\/#\/schema\/person\/0909774819a055291ed35ca20974a511"},"headline":"Um novo cap\u00edtulo da reforma tribut\u00e1ria","datePublished":"2025-01-31T20:22:15+00:00","dateModified":"2025-02-07T13:27:18+00:00","mainEntityOfPage":{"@id":"https:\/\/www.pryorglobal.com\/um-novo-capitulo-da-reforma-tributaria\/"},"wordCount":841,"commentCount":0,"publisher":{"@id":"https:\/\/www.pryorglobal.com\/#organization"},"image":{"@id":"https:\/\/www.pryorglobal.com\/um-novo-capitulo-da-reforma-tributaria\/#primaryimage"},"thumbnailUrl":"https:\/\/www.pryorglobal.com\/wp-content\/uploads\/2025\/01\/Imagem-1-2-scaled.jpg","articleSection":["BPS (Business Process Solutions)"],"inLanguage":"en-US","potentialAction":[{"@type":"CommentAction","name":"Comment","target":["https:\/\/www.pryorglobal.com\/um-novo-capitulo-da-reforma-tributaria\/#respond"]}]},{"@type":"WebPage","@id":"https:\/\/www.pryorglobal.com\/um-novo-capitulo-da-reforma-tributaria\/","url":"https:\/\/www.pryorglobal.com\/um-novo-capitulo-da-reforma-tributaria\/","name":"A new chapter in tax reform","isPartOf":{"@id":"https:\/\/www.pryorglobal.com\/#website"},"primaryImageOfPage":{"@id":"https:\/\/www.pryorglobal.com\/um-novo-capitulo-da-reforma-tributaria\/#primaryimage"},"image":{"@id":"https:\/\/www.pryorglobal.com\/um-novo-capitulo-da-reforma-tributaria\/#primaryimage"},"thumbnailUrl":"https:\/\/www.pryorglobal.com\/wp-content\/uploads\/2025\/01\/Imagem-1-2-scaled.jpg","datePublished":"2025-01-31T20:22:15+00:00","dateModified":"2025-02-07T13:27:18+00:00","description":"Tax reform is moving forward in Brazil with the recent approval of the supplementary bill (PLP 68\/2024) by the Chamber of Deputies, consolidating important changes to the tax system. It is worth remembering that the proposal aims to replace federal, state and municipal taxes with a dual system of Value Added Tax (VAT), divided between the Contribution on Goods and Services (CBS) and the Tax on Goods and Services (IBS).","breadcrumb":{"@id":"https:\/\/www.pryorglobal.com\/um-novo-capitulo-da-reforma-tributaria\/#breadcrumb"},"inLanguage":"en-US","potentialAction":[{"@type":"ReadAction","target":["https:\/\/www.pryorglobal.com\/um-novo-capitulo-da-reforma-tributaria\/"]}]},{"@type":"ImageObject","inLanguage":"en-US","@id":"https:\/\/www.pryorglobal.com\/um-novo-capitulo-da-reforma-tributaria\/#primaryimage","url":"https:\/\/www.pryorglobal.com\/wp-content\/uploads\/2025\/01\/Imagem-1-2-scaled.jpg","contentUrl":"https:\/\/www.pryorglobal.com\/wp-content\/uploads\/2025\/01\/Imagem-1-2-scaled.jpg","width":2560,"height":1707,"caption":"Finances Saving Economy concept. Female accountant or banker use calculator."},{"@type":"BreadcrumbList","@id":"https:\/\/www.pryorglobal.com\/um-novo-capitulo-da-reforma-tributaria\/#breadcrumb","itemListElement":[{"@type":"ListItem","position":1,"name":"In\u00edcio","item":"https:\/\/www.pryorglobal.com\/"},{"@type":"ListItem","position":2,"name":"Um novo cap\u00edtulo da reforma tribut\u00e1ria"}]},{"@type":"WebSite","@id":"https:\/\/www.pryorglobal.com\/#website","url":"https:\/\/www.pryorglobal.com\/","name":"Pryor Global","description":"","publisher":{"@id":"https:\/\/www.pryorglobal.com\/#organization"},"potentialAction":[{"@type":"SearchAction","target":{"@type":"EntryPoint","urlTemplate":"https:\/\/www.pryorglobal.com\/?s={search_term_string}"},"query-input":{"@type":"PropertyValueSpecification","valueRequired":true,"valueName":"search_term_string"}}],"inLanguage":"en-US"},{"@type":"Organization","@id":"https:\/\/www.pryorglobal.com\/#organization","name":"Pryor Global","url":"https:\/\/www.pryorglobal.com\/","logo":{"@type":"ImageObject","inLanguage":"en-US","@id":"https:\/\/www.pryorglobal.com\/#\/schema\/logo\/image\/","url":"https:\/\/www.pryorglobal.com\/wp-content\/uploads\/2024\/09\/logo_pryor.svg","contentUrl":"https:\/\/www.pryorglobal.com\/wp-content\/uploads\/2024\/09\/logo_pryor.svg","caption":"Pryor Global"},"image":{"@id":"https:\/\/www.pryorglobal.com\/#\/schema\/logo\/image\/"},"sameAs":["https:\/\/www.facebook.com\/pryorglobal.oficial\/","https:\/\/www.instagram.com\/pryorglobal\/","https:\/\/www.linkedin.com\/company\/pryorglobal\/"]},{"@type":"Person","@id":"https:\/\/www.pryorglobal.com\/#\/schema\/person\/0909774819a055291ed35ca20974a511","name":"Mariana Pascoal","image":{"@type":"ImageObject","inLanguage":"en-US","@id":"https:\/\/secure.gravatar.com\/avatar\/c57f11363e20c442613118eceadef86d0ac7b7171a7dff35b48b8ca41dd1d23c?s=96&d=mm&r=g","url":"https:\/\/secure.gravatar.com\/avatar\/c57f11363e20c442613118eceadef86d0ac7b7171a7dff35b48b8ca41dd1d23c?s=96&d=mm&r=g","contentUrl":"https:\/\/secure.gravatar.com\/avatar\/c57f11363e20c442613118eceadef86d0ac7b7171a7dff35b48b8ca41dd1d23c?s=96&d=mm&r=g","caption":"Mariana Pascoal"}}]}},"_links":{"self":[{"href":"https:\/\/www.pryorglobal.com\/en\/wp-json\/wp\/v2\/posts\/15055","targetHints":{"allow":["GET"]}}],"collection":[{"href":"https:\/\/www.pryorglobal.com\/en\/wp-json\/wp\/v2\/posts"}],"about":[{"href":"https:\/\/www.pryorglobal.com\/en\/wp-json\/wp\/v2\/types\/post"}],"author":[{"embeddable":true,"href":"https:\/\/www.pryorglobal.com\/en\/wp-json\/wp\/v2\/users\/12"}],"replies":[{"embeddable":true,"href":"https:\/\/www.pryorglobal.com\/en\/wp-json\/wp\/v2\/comments?post=15055"}],"version-history":[{"count":21,"href":"https:\/\/www.pryorglobal.com\/en\/wp-json\/wp\/v2\/posts\/15055\/revisions"}],"predecessor-version":[{"id":15095,"href":"https:\/\/www.pryorglobal.com\/en\/wp-json\/wp\/v2\/posts\/15055\/revisions\/15095"}],"wp:featuredmedia":[{"embeddable":true,"href":"https:\/\/www.pryorglobal.com\/en\/wp-json\/wp\/v2\/media\/15058"}],"wp:attachment":[{"href":"https:\/\/www.pryorglobal.com\/en\/wp-json\/wp\/v2\/media?parent=15055"}],"wp:term":[{"taxonomy":"category","embeddable":true,"href":"https:\/\/www.pryorglobal.com\/en\/wp-json\/wp\/v2\/categories?post=15055"},{"taxonomy":"post_tag","embeddable":true,"href":"https:\/\/www.pryorglobal.com\/en\/wp-json\/wp\/v2\/tags?post=15055"}],"curies":[{"name":"wp","href":"https:\/\/api.w.org\/{rel}","templated":true}]}}