{"id":11431,"date":"2023-08-23T13:22:21","date_gmt":"2023-08-23T13:22:21","guid":{"rendered":"https:\/\/pryorglobal.com\/?p=11431"},"modified":"2023-08-25T13:03:15","modified_gmt":"2023-08-25T13:03:15","slug":"reforma-tributaria-quais-as-mudancas-esperadas","status":"publish","type":"post","link":"https:\/\/www.pryorglobal.com\/en\/reforma-tributaria-quais-as-mudancas-esperadas\/","title":{"rendered":"Tax reform: what changes are expected?"},"content":{"rendered":"<div data-elementor-type=\"wp-post\" data-elementor-id=\"11431\" class=\"elementor elementor-11431\" data-elementor-post-type=\"post\">\n\t\t\t\t\t\t<section class=\"elementor-section elementor-top-section elementor-element elementor-element-4f2b404 elementor-section-boxed elementor-section-height-default elementor-section-height-default\" data-id=\"4f2b404\" data-element_type=\"section\" data-e-type=\"section\" data-no-translation=\"\">\n\t\t\t\t\t\t<div class=\"elementor-container elementor-column-gap-default\">\n\t\t\t\t\t<div class=\"elementor-column elementor-col-100 elementor-top-column elementor-element elementor-element-9c281a5\" data-id=\"9c281a5\" data-element_type=\"column\" data-e-type=\"column\">\n\t\t\t<div class=\"elementor-widget-wrap elementor-element-populated\">\n\t\t\t\t\t\t<div class=\"elementor-element elementor-element-cbf0b03 elementor-widget elementor-widget-text-editor\" data-id=\"cbf0b03\" data-element_type=\"widget\" data-e-type=\"widget\" data-widget_type=\"text-editor.default\">\n\t\t\t\t<div class=\"elementor-widget-container\">\n\t\t\t\t\t\t\t\t\t<p>The need for <a href=\"https:\/\/www.gov.br\/fazenda\/pt-br\/acesso-a-informacao\/acoes-e-programas\/reforma-tributaria\"><strong>tax reform<\/strong><\/a> has been debated for at least three decades in Brazil, but the issue finally seems to be coming to an end. On July 7, 2023, the Chamber of Deputies approved Proposed Amendment to the Constitution (PEC) 45\/2019, which addresses the subject. It now moves on to the Senate.<\/p>\t\t\t\t\t\t\t\t<\/div>\n\t\t\t\t<\/div>\n\t\t\t\t<div class=\"elementor-element elementor-element-830e89a elementor-widget elementor-widget-image\" data-id=\"830e89a\" data-element_type=\"widget\" data-e-type=\"widget\" data-widget_type=\"image.default\">\n\t\t\t\t<div class=\"elementor-widget-container\">\n\t\t\t\t\t\t\t\t\t\t\t\t\t\t\t<img decoding=\"async\" src=\"https:\/\/www.pryorglobal.com\/wp-content\/uploads\/2023\/08\/Imagem-2-com-o-logo.png\" title=\"Imagem 2 com o logo\" alt=\"Imagem 2 com o logo\" loading=\"lazy\" \/>\t\t\t\t\t\t\t\t\t\t\t\t\t\t\t<\/div>\n\t\t\t\t<\/div>\n\t\t\t\t<div class=\"elementor-element elementor-element-09c3368 elementor-widget elementor-widget-text-editor\" data-id=\"09c3368\" data-element_type=\"widget\" data-e-type=\"widget\" data-widget_type=\"text-editor.default\">\n\t\t\t\t<div class=\"elementor-widget-container\">\n\t\t\t\t\t\t\t\t\t<p>In short, the PEC makes it possible to reduce and unify taxes on consumption, as well as making the tax system more transparent. At least five taxes will be eliminated, including the Social Integration Program (<strong>PIS<\/strong>), Social Security Financing Contribution (<strong>Cofins<\/strong>), and the Tax on Industrialized Products (<strong>IPI<\/strong>).<\/p><p>These taxes, which are levied at federal level, will be replaced by the <strong>Contribution on Goods and Services <\/strong>(<strong>CBS<\/strong>), which is the responsibility of the Federal Government. The <strong>Tax on Goods and Services<\/strong> (<strong>IBS<\/strong>) will replace the current state <strong>ICMS<\/strong> and the municipal <strong>ISS<\/strong> and will be the responsibility of states and municipalities.<\/p><p>In addition, <strong>tax credits<\/strong> will be accumulated throughout the production chain to avoid the cascade effect, which is the incidence of taxes on taxes. In the initial period, <strong>federal Value Added Tax<\/strong> (<strong>VAT<\/strong>) will have a rate of 0.9%, while state and municipal VAT will have a rate of 0.1%.<\/p><p>The current collection of taxes at the origin of production is being reformulated to be levied at the destination of operations, a model already adopted by several countries. This change has the potential to reduce the price of manufactured products, since the tax will only be deducted at the end of the production process.<\/p>\t\t\t\t\t\t\t\t<\/div>\n\t\t\t\t<\/div>\n\t\t\t\t<div class=\"elementor-element elementor-element-80ce6c1 elementor-widget elementor-widget-image\" data-id=\"80ce6c1\" data-element_type=\"widget\" data-e-type=\"widget\" data-widget_type=\"image.default\">\n\t\t\t\t<div class=\"elementor-widget-container\">\n\t\t\t\t\t\t\t\t\t\t\t\t\t\t\t<img fetchpriority=\"high\" decoding=\"async\" width=\"800\" height=\"279\" src=\"https:\/\/www.pryorglobal.com\/wp-content\/uploads\/2023\/08\/Imagem-3-com-logo.png\" class=\"attachment-large size-large wp-image-11452\" alt=\"\" srcset=\"https:\/\/www.pryorglobal.com\/wp-content\/uploads\/2023\/08\/Imagem-3-com-logo.png 860w, https:\/\/www.pryorglobal.com\/wp-content\/uploads\/2023\/08\/Imagem-3-com-logo-300x105.png 300w, https:\/\/www.pryorglobal.com\/wp-content\/uploads\/2023\/08\/Imagem-3-com-logo-768x268.png 768w, https:\/\/www.pryorglobal.com\/wp-content\/uploads\/2023\/08\/Imagem-3-com-logo-18x6.png 18w\" sizes=\"(max-width: 800px) 100vw, 800px\" \/>\t\t\t\t\t\t\t\t\t\t\t\t\t\t\t<\/div>\n\t\t\t\t<\/div>\n\t\t\t\t<div class=\"elementor-element elementor-element-c742e29 elementor-widget elementor-widget-text-editor\" data-id=\"c742e29\" data-element_type=\"widget\" data-e-type=\"widget\" data-no-translation=\"\" data-widget_type=\"text-editor.default\">\n\t\t\t\t<div class=\"elementor-widget-container\">\n\t\t\t\t\t\t\t\t\t<p><strong>Why is change important?<\/strong><\/p><p>Every country has its own <strong>tax system<\/strong>, and Brazil stands out globally for having one of the most complex systems. The large number of taxes, the different methods of calculation, the frequent changes to the rules and the profusion of exceptions are all features that are well known to Brazilian entrepreneurs.<\/p><p>Through these changes, the government aims to eliminate variations in the rates charged in different sectors, thus creating a business scenario that is more conducive and effective for Brazil\u2019s economy. This simplifies the process of taxing goods and services for companies and results in greater transparency.<\/p><p>Here at <a href=\"https:\/\/www.pryorglobal.com\/bps-business-process-solutions\/\"><strong>Pryor Global<\/strong><\/a>, we are ready for any changes. We serve international companies from different segments, following global accounting standards and tax and labor regulations. We offer effective accounting management and innovative solutions, using technology to process and evaluate information efficiently.<\/p><p>Talk to our BPS team and find out how we can help your company.<\/p>\t\t\t\t\t\t\t\t<\/div>\n\t\t\t\t<\/div>\n\t\t\t\t\t<\/div>\n\t\t<\/div>\n\t\t\t\t\t<\/div>\n\t\t<\/section>\n\t\t\t\t<\/div>","protected":false},"excerpt":{"rendered":"<p>The need for tax reform has been debated for at least three decades in Brazil, but the issue finally seems to be coming to an end. On July 7, 2023, the Chamber of Deputies approved Proposed Amendment to the Constitution (PEC) 45\/2019, which addresses the subject. It now moves on to the Senate.<\/p>","protected":false},"author":12,"featured_media":11457,"comment_status":"open","ping_status":"closed","sticky":false,"template":"","format":"standard","meta":{"footnotes":""},"categories":[287],"tags":[],"class_list":["post-11431","post","type-post","status-publish","format-standard","has-post-thumbnail","hentry","category-bps-business-process-solutions"],"yoast_head":"<!-- This site is optimized with the Yoast SEO plugin v27.4 - https:\/\/yoast.com\/product\/yoast-seo-wordpress\/ -->\n<title>Entenda a import\u00e2ncia da an\u00e1lise de demonstra\u00e7\u00f5es financeiras para o seu neg\u00f3cio<\/title>\n<meta name=\"description\" content=\"O fechamento anual \u00e9 um momento bastante movimentado para os departamentos financeiro e cont\u00e1bil de toda e qualquer empresa. Isso porque envolve a verifica\u00e7\u00e3o e atualiza\u00e7\u00e3o das contas para refletir as transa\u00e7\u00f5es e eventos cont\u00e1beis que ocorreram durante os \u00faltimos 12 meses.\" \/>\n<meta name=\"robots\" content=\"index, follow, max-snippet:-1, max-image-preview:large, max-video-preview:-1\" \/>\n<link rel=\"canonical\" href=\"https:\/\/www.pryorglobal.com\/en\/reforma-tributaria-quais-as-mudancas-esperadas\/\" \/>\n<meta property=\"og:locale\" content=\"en_US\" \/>\n<meta property=\"og:type\" content=\"article\" \/>\n<meta property=\"og:title\" content=\"Entenda a import\u00e2ncia da an\u00e1lise de demonstra\u00e7\u00f5es financeiras para o seu neg\u00f3cio\" \/>\n<meta property=\"og:description\" content=\"O fechamento anual \u00e9 um momento bastante movimentado para os departamentos financeiro e cont\u00e1bil de toda e qualquer empresa. Isso porque envolve a verifica\u00e7\u00e3o e atualiza\u00e7\u00e3o das contas para refletir as transa\u00e7\u00f5es e eventos cont\u00e1beis que ocorreram durante os \u00faltimos 12 meses.\" \/>\n<meta property=\"og:url\" content=\"https:\/\/www.pryorglobal.com\/en\/reforma-tributaria-quais-as-mudancas-esperadas\/\" \/>\n<meta property=\"og:site_name\" content=\"Pryor Global\" \/>\n<meta property=\"article:publisher\" content=\"https:\/\/www.facebook.com\/pryorglobal.oficial\/\" \/>\n<meta property=\"article:published_time\" content=\"2023-08-23T13:22:21+00:00\" \/>\n<meta property=\"article:modified_time\" content=\"2023-08-25T13:03:15+00:00\" \/>\n<meta property=\"og:image\" content=\"https:\/\/www.pryorglobal.com\/wp-content\/uploads\/2023\/08\/Imagem-1-editada--scaled.jpg\" \/>\n\t<meta property=\"og:image:width\" content=\"2560\" \/>\n\t<meta property=\"og:image:height\" content=\"1827\" \/>\n\t<meta property=\"og:image:type\" content=\"image\/jpeg\" \/>\n<meta name=\"author\" content=\"Mariana Pascoal\" \/>\n<meta name=\"twitter:card\" content=\"summary_large_image\" \/>\n<meta name=\"twitter:label1\" content=\"Written by\" \/>\n\t<meta name=\"twitter:data1\" content=\"Mariana Pascoal\" \/>\n\t<meta name=\"twitter:label2\" content=\"Est. reading time\" \/>\n\t<meta name=\"twitter:data2\" content=\"6 minutes\" \/>\n<script type=\"application\/ld+json\" class=\"yoast-schema-graph\">{\"@context\":\"https:\\\/\\\/schema.org\",\"@graph\":[{\"@type\":\"Article\",\"@id\":\"https:\\\/\\\/www.pryorglobal.com\\\/reforma-tributaria-quais-as-mudancas-esperadas\\\/#article\",\"isPartOf\":{\"@id\":\"https:\\\/\\\/www.pryorglobal.com\\\/reforma-tributaria-quais-as-mudancas-esperadas\\\/\"},\"author\":{\"name\":\"Mariana Pascoal\",\"@id\":\"https:\\\/\\\/www.pryorglobal.com\\\/#\\\/schema\\\/person\\\/0909774819a055291ed35ca20974a511\"},\"headline\":\"Reforma tribut\u00e1ria: quais as mudan\u00e7as esperadas?\",\"datePublished\":\"2023-08-23T13:22:21+00:00\",\"dateModified\":\"2023-08-25T13:03:15+00:00\",\"mainEntityOfPage\":{\"@id\":\"https:\\\/\\\/www.pryorglobal.com\\\/reforma-tributaria-quais-as-mudancas-esperadas\\\/\"},\"wordCount\":891,\"commentCount\":0,\"publisher\":{\"@id\":\"https:\\\/\\\/www.pryorglobal.com\\\/#organization\"},\"image\":{\"@id\":\"https:\\\/\\\/www.pryorglobal.com\\\/reforma-tributaria-quais-as-mudancas-esperadas\\\/#primaryimage\"},\"thumbnailUrl\":\"https:\\\/\\\/www.pryorglobal.com\\\/wp-content\\\/uploads\\\/2023\\\/08\\\/Imagem-1-editada--scaled.jpg\",\"articleSection\":[\"BPS (Business Process Solutions)\"],\"inLanguage\":\"en-US\",\"potentialAction\":[{\"@type\":\"CommentAction\",\"name\":\"Comment\",\"target\":[\"https:\\\/\\\/www.pryorglobal.com\\\/reforma-tributaria-quais-as-mudancas-esperadas\\\/#respond\"]}]},{\"@type\":\"WebPage\",\"@id\":\"https:\\\/\\\/www.pryorglobal.com\\\/reforma-tributaria-quais-as-mudancas-esperadas\\\/\",\"url\":\"https:\\\/\\\/www.pryorglobal.com\\\/reforma-tributaria-quais-as-mudancas-esperadas\\\/\",\"name\":\"Entenda a import\u00e2ncia da an\u00e1lise de demonstra\u00e7\u00f5es financeiras para o seu neg\u00f3cio\",\"isPartOf\":{\"@id\":\"https:\\\/\\\/www.pryorglobal.com\\\/#website\"},\"primaryImageOfPage\":{\"@id\":\"https:\\\/\\\/www.pryorglobal.com\\\/reforma-tributaria-quais-as-mudancas-esperadas\\\/#primaryimage\"},\"image\":{\"@id\":\"https:\\\/\\\/www.pryorglobal.com\\\/reforma-tributaria-quais-as-mudancas-esperadas\\\/#primaryimage\"},\"thumbnailUrl\":\"https:\\\/\\\/www.pryorglobal.com\\\/wp-content\\\/uploads\\\/2023\\\/08\\\/Imagem-1-editada--scaled.jpg\",\"datePublished\":\"2023-08-23T13:22:21+00:00\",\"dateModified\":\"2023-08-25T13:03:15+00:00\",\"description\":\"O fechamento anual \u00e9 um momento bastante movimentado para os departamentos financeiro e cont\u00e1bil de toda e qualquer empresa. Isso porque envolve a verifica\u00e7\u00e3o e atualiza\u00e7\u00e3o das contas para refletir as transa\u00e7\u00f5es e eventos cont\u00e1beis que ocorreram durante os \u00faltimos 12 meses.\",\"breadcrumb\":{\"@id\":\"https:\\\/\\\/www.pryorglobal.com\\\/reforma-tributaria-quais-as-mudancas-esperadas\\\/#breadcrumb\"},\"inLanguage\":\"en-US\",\"potentialAction\":[{\"@type\":\"ReadAction\",\"target\":[\"https:\\\/\\\/www.pryorglobal.com\\\/reforma-tributaria-quais-as-mudancas-esperadas\\\/\"]}]},{\"@type\":\"ImageObject\",\"inLanguage\":\"en-US\",\"@id\":\"https:\\\/\\\/www.pryorglobal.com\\\/reforma-tributaria-quais-as-mudancas-esperadas\\\/#primaryimage\",\"url\":\"https:\\\/\\\/www.pryorglobal.com\\\/wp-content\\\/uploads\\\/2023\\\/08\\\/Imagem-1-editada--scaled.jpg\",\"contentUrl\":\"https:\\\/\\\/www.pryorglobal.com\\\/wp-content\\\/uploads\\\/2023\\\/08\\\/Imagem-1-editada--scaled.jpg\",\"width\":2560,\"height\":1827,\"caption\":\"Cropped image of businessman checking financial report\"},{\"@type\":\"BreadcrumbList\",\"@id\":\"https:\\\/\\\/www.pryorglobal.com\\\/reforma-tributaria-quais-as-mudancas-esperadas\\\/#breadcrumb\",\"itemListElement\":[{\"@type\":\"ListItem\",\"position\":1,\"name\":\"In\u00edcio\",\"item\":\"https:\\\/\\\/www.pryorglobal.com\\\/\"},{\"@type\":\"ListItem\",\"position\":2,\"name\":\"Reforma tribut\u00e1ria: quais as mudan\u00e7as esperadas?\"}]},{\"@type\":\"WebSite\",\"@id\":\"https:\\\/\\\/www.pryorglobal.com\\\/#website\",\"url\":\"https:\\\/\\\/www.pryorglobal.com\\\/\",\"name\":\"Pryor Global\",\"description\":\"\",\"publisher\":{\"@id\":\"https:\\\/\\\/www.pryorglobal.com\\\/#organization\"},\"potentialAction\":[{\"@type\":\"SearchAction\",\"target\":{\"@type\":\"EntryPoint\",\"urlTemplate\":\"https:\\\/\\\/www.pryorglobal.com\\\/?s={search_term_string}\"},\"query-input\":{\"@type\":\"PropertyValueSpecification\",\"valueRequired\":true,\"valueName\":\"search_term_string\"}}],\"inLanguage\":\"en-US\"},{\"@type\":\"Organization\",\"@id\":\"https:\\\/\\\/www.pryorglobal.com\\\/#organization\",\"name\":\"Pryor Global\",\"url\":\"https:\\\/\\\/www.pryorglobal.com\\\/\",\"logo\":{\"@type\":\"ImageObject\",\"inLanguage\":\"en-US\",\"@id\":\"https:\\\/\\\/www.pryorglobal.com\\\/#\\\/schema\\\/logo\\\/image\\\/\",\"url\":\"https:\\\/\\\/www.pryorglobal.com\\\/wp-content\\\/uploads\\\/2024\\\/09\\\/logo_pryor.svg\",\"contentUrl\":\"https:\\\/\\\/www.pryorglobal.com\\\/wp-content\\\/uploads\\\/2024\\\/09\\\/logo_pryor.svg\",\"caption\":\"Pryor Global\"},\"image\":{\"@id\":\"https:\\\/\\\/www.pryorglobal.com\\\/#\\\/schema\\\/logo\\\/image\\\/\"},\"sameAs\":[\"https:\\\/\\\/www.facebook.com\\\/pryorglobal.oficial\\\/\",\"https:\\\/\\\/www.instagram.com\\\/pryorglobal\\\/\",\"https:\\\/\\\/www.linkedin.com\\\/company\\\/pryorglobal\\\/\"]},{\"@type\":\"Person\",\"@id\":\"https:\\\/\\\/www.pryorglobal.com\\\/#\\\/schema\\\/person\\\/0909774819a055291ed35ca20974a511\",\"name\":\"Mariana Pascoal\",\"image\":{\"@type\":\"ImageObject\",\"inLanguage\":\"en-US\",\"@id\":\"https:\\\/\\\/secure.gravatar.com\\\/avatar\\\/c57f11363e20c442613118eceadef86d0ac7b7171a7dff35b48b8ca41dd1d23c?s=96&d=mm&r=g\",\"url\":\"https:\\\/\\\/secure.gravatar.com\\\/avatar\\\/c57f11363e20c442613118eceadef86d0ac7b7171a7dff35b48b8ca41dd1d23c?s=96&d=mm&r=g\",\"contentUrl\":\"https:\\\/\\\/secure.gravatar.com\\\/avatar\\\/c57f11363e20c442613118eceadef86d0ac7b7171a7dff35b48b8ca41dd1d23c?s=96&d=mm&r=g\",\"caption\":\"Mariana Pascoal\"}}]}<\/script>\n<!-- \/ Yoast SEO plugin. -->","yoast_head_json":{"title":"Understand the importance of financial statement analysis for your business","description":"Year-end closing is a busy time for the finance and accounting departments of every company. It involves checking and updating the accounts to reflect all the business transactions, incomes, and other events that have taken place during the last fiscal year.","robots":{"index":"index","follow":"follow","max-snippet":"max-snippet:-1","max-image-preview":"max-image-preview:large","max-video-preview":"max-video-preview:-1"},"canonical":"https:\/\/www.pryorglobal.com\/en\/reforma-tributaria-quais-as-mudancas-esperadas\/","og_locale":"en_US","og_type":"article","og_title":"Entenda a import\u00e2ncia da an\u00e1lise de demonstra\u00e7\u00f5es financeiras para o seu neg\u00f3cio","og_description":"O fechamento anual \u00e9 um momento bastante movimentado para os departamentos financeiro e cont\u00e1bil de toda e qualquer empresa. Isso porque envolve a verifica\u00e7\u00e3o e atualiza\u00e7\u00e3o das contas para refletir as transa\u00e7\u00f5es e eventos cont\u00e1beis que ocorreram durante os \u00faltimos 12 meses.","og_url":"https:\/\/www.pryorglobal.com\/en\/reforma-tributaria-quais-as-mudancas-esperadas\/","og_site_name":"Pryor Global","article_publisher":"https:\/\/www.facebook.com\/pryorglobal.oficial\/","article_published_time":"2023-08-23T13:22:21+00:00","article_modified_time":"2023-08-25T13:03:15+00:00","og_image":[{"width":2560,"height":1827,"url":"https:\/\/www.pryorglobal.com\/wp-content\/uploads\/2023\/08\/Imagem-1-editada--scaled.jpg","type":"image\/jpeg"}],"author":"Mariana Pascoal","twitter_card":"summary_large_image","twitter_misc":{"Written by":"Mariana Pascoal","Est. reading time":"6 minutes"},"schema":{"@context":"https:\/\/schema.org","@graph":[{"@type":"Article","@id":"https:\/\/www.pryorglobal.com\/reforma-tributaria-quais-as-mudancas-esperadas\/#article","isPartOf":{"@id":"https:\/\/www.pryorglobal.com\/reforma-tributaria-quais-as-mudancas-esperadas\/"},"author":{"name":"Mariana Pascoal","@id":"https:\/\/www.pryorglobal.com\/#\/schema\/person\/0909774819a055291ed35ca20974a511"},"headline":"Reforma tribut\u00e1ria: quais as mudan\u00e7as esperadas?","datePublished":"2023-08-23T13:22:21+00:00","dateModified":"2023-08-25T13:03:15+00:00","mainEntityOfPage":{"@id":"https:\/\/www.pryorglobal.com\/reforma-tributaria-quais-as-mudancas-esperadas\/"},"wordCount":891,"commentCount":0,"publisher":{"@id":"https:\/\/www.pryorglobal.com\/#organization"},"image":{"@id":"https:\/\/www.pryorglobal.com\/reforma-tributaria-quais-as-mudancas-esperadas\/#primaryimage"},"thumbnailUrl":"https:\/\/www.pryorglobal.com\/wp-content\/uploads\/2023\/08\/Imagem-1-editada--scaled.jpg","articleSection":["BPS (Business Process Solutions)"],"inLanguage":"en-US","potentialAction":[{"@type":"CommentAction","name":"Comment","target":["https:\/\/www.pryorglobal.com\/reforma-tributaria-quais-as-mudancas-esperadas\/#respond"]}]},{"@type":"WebPage","@id":"https:\/\/www.pryorglobal.com\/reforma-tributaria-quais-as-mudancas-esperadas\/","url":"https:\/\/www.pryorglobal.com\/reforma-tributaria-quais-as-mudancas-esperadas\/","name":"Understand the importance of financial statement analysis for your business","isPartOf":{"@id":"https:\/\/www.pryorglobal.com\/#website"},"primaryImageOfPage":{"@id":"https:\/\/www.pryorglobal.com\/reforma-tributaria-quais-as-mudancas-esperadas\/#primaryimage"},"image":{"@id":"https:\/\/www.pryorglobal.com\/reforma-tributaria-quais-as-mudancas-esperadas\/#primaryimage"},"thumbnailUrl":"https:\/\/www.pryorglobal.com\/wp-content\/uploads\/2023\/08\/Imagem-1-editada--scaled.jpg","datePublished":"2023-08-23T13:22:21+00:00","dateModified":"2023-08-25T13:03:15+00:00","description":"Year-end closing is a busy time for the finance and accounting departments of every company. It involves checking and updating the accounts to reflect all the business transactions, incomes, and other events that have taken place during the last fiscal year.","breadcrumb":{"@id":"https:\/\/www.pryorglobal.com\/reforma-tributaria-quais-as-mudancas-esperadas\/#breadcrumb"},"inLanguage":"en-US","potentialAction":[{"@type":"ReadAction","target":["https:\/\/www.pryorglobal.com\/reforma-tributaria-quais-as-mudancas-esperadas\/"]}]},{"@type":"ImageObject","inLanguage":"en-US","@id":"https:\/\/www.pryorglobal.com\/reforma-tributaria-quais-as-mudancas-esperadas\/#primaryimage","url":"https:\/\/www.pryorglobal.com\/wp-content\/uploads\/2023\/08\/Imagem-1-editada--scaled.jpg","contentUrl":"https:\/\/www.pryorglobal.com\/wp-content\/uploads\/2023\/08\/Imagem-1-editada--scaled.jpg","width":2560,"height":1827,"caption":"Cropped image of businessman checking financial report"},{"@type":"BreadcrumbList","@id":"https:\/\/www.pryorglobal.com\/reforma-tributaria-quais-as-mudancas-esperadas\/#breadcrumb","itemListElement":[{"@type":"ListItem","position":1,"name":"In\u00edcio","item":"https:\/\/www.pryorglobal.com\/"},{"@type":"ListItem","position":2,"name":"Reforma tribut\u00e1ria: quais as mudan\u00e7as esperadas?"}]},{"@type":"WebSite","@id":"https:\/\/www.pryorglobal.com\/#website","url":"https:\/\/www.pryorglobal.com\/","name":"Pryor Global","description":"","publisher":{"@id":"https:\/\/www.pryorglobal.com\/#organization"},"potentialAction":[{"@type":"SearchAction","target":{"@type":"EntryPoint","urlTemplate":"https:\/\/www.pryorglobal.com\/?s={search_term_string}"},"query-input":{"@type":"PropertyValueSpecification","valueRequired":true,"valueName":"search_term_string"}}],"inLanguage":"en-US"},{"@type":"Organization","@id":"https:\/\/www.pryorglobal.com\/#organization","name":"Pryor Global","url":"https:\/\/www.pryorglobal.com\/","logo":{"@type":"ImageObject","inLanguage":"en-US","@id":"https:\/\/www.pryorglobal.com\/#\/schema\/logo\/image\/","url":"https:\/\/www.pryorglobal.com\/wp-content\/uploads\/2024\/09\/logo_pryor.svg","contentUrl":"https:\/\/www.pryorglobal.com\/wp-content\/uploads\/2024\/09\/logo_pryor.svg","caption":"Pryor Global"},"image":{"@id":"https:\/\/www.pryorglobal.com\/#\/schema\/logo\/image\/"},"sameAs":["https:\/\/www.facebook.com\/pryorglobal.oficial\/","https:\/\/www.instagram.com\/pryorglobal\/","https:\/\/www.linkedin.com\/company\/pryorglobal\/"]},{"@type":"Person","@id":"https:\/\/www.pryorglobal.com\/#\/schema\/person\/0909774819a055291ed35ca20974a511","name":"Mariana Pascoal","image":{"@type":"ImageObject","inLanguage":"en-US","@id":"https:\/\/secure.gravatar.com\/avatar\/c57f11363e20c442613118eceadef86d0ac7b7171a7dff35b48b8ca41dd1d23c?s=96&d=mm&r=g","url":"https:\/\/secure.gravatar.com\/avatar\/c57f11363e20c442613118eceadef86d0ac7b7171a7dff35b48b8ca41dd1d23c?s=96&d=mm&r=g","contentUrl":"https:\/\/secure.gravatar.com\/avatar\/c57f11363e20c442613118eceadef86d0ac7b7171a7dff35b48b8ca41dd1d23c?s=96&d=mm&r=g","caption":"Mariana Pascoal"}}]}},"_links":{"self":[{"href":"https:\/\/www.pryorglobal.com\/en\/wp-json\/wp\/v2\/posts\/11431","targetHints":{"allow":["GET"]}}],"collection":[{"href":"https:\/\/www.pryorglobal.com\/en\/wp-json\/wp\/v2\/posts"}],"about":[{"href":"https:\/\/www.pryorglobal.com\/en\/wp-json\/wp\/v2\/types\/post"}],"author":[{"embeddable":true,"href":"https:\/\/www.pryorglobal.com\/en\/wp-json\/wp\/v2\/users\/12"}],"replies":[{"embeddable":true,"href":"https:\/\/www.pryorglobal.com\/en\/wp-json\/wp\/v2\/comments?post=11431"}],"version-history":[{"count":25,"href":"https:\/\/www.pryorglobal.com\/en\/wp-json\/wp\/v2\/posts\/11431\/revisions"}],"predecessor-version":[{"id":11460,"href":"https:\/\/www.pryorglobal.com\/en\/wp-json\/wp\/v2\/posts\/11431\/revisions\/11460"}],"wp:featuredmedia":[{"embeddable":true,"href":"https:\/\/www.pryorglobal.com\/en\/wp-json\/wp\/v2\/media\/11457"}],"wp:attachment":[{"href":"https:\/\/www.pryorglobal.com\/en\/wp-json\/wp\/v2\/media?parent=11431"}],"wp:term":[{"taxonomy":"category","embeddable":true,"href":"https:\/\/www.pryorglobal.com\/en\/wp-json\/wp\/v2\/categories?post=11431"},{"taxonomy":"post_tag","embeddable":true,"href":"https:\/\/www.pryorglobal.com\/en\/wp-json\/wp\/v2\/tags?post=11431"}],"curies":[{"name":"wp","href":"https:\/\/api.w.org\/{rel}","templated":true}]}}