{"id":1112,"date":"2020-09-17T08:00:39","date_gmt":"2020-09-17T08:00:39","guid":{"rendered":"https:\/\/pryorglobal.com\/?p=1112"},"modified":"2020-09-23T20:01:21","modified_gmt":"2020-09-23T20:01:21","slug":"junta-comercial-receita-federal-e-pandemia-combinacao-indigesta","status":"publish","type":"post","link":"http:\/\/www.pryorglobal.com\/en\/junta-comercial-receita-federal-e-pandemia-combinacao-indigesta\/","title":{"rendered":"Junta Comercial, Receita Federal e pandemia -Combina\u00e7\u00e3o indigesta"},"content":{"rendered":"<div data-elementor-type=\"wp-post\" data-elementor-id=\"1112\" class=\"elementor elementor-1112\" data-elementor-post-type=\"post\">\n\t\t\t\t\t\t<section class=\"elementor-section elementor-top-section elementor-element elementor-element-5b85401c elementor-section-boxed elementor-section-height-default elementor-section-height-default\" data-id=\"5b85401c\" data-element_type=\"section\" data-e-type=\"section\">\n\t\t\t\t\t\t<div class=\"elementor-container elementor-column-gap-default\">\n\t\t\t\t\t<div class=\"elementor-column elementor-col-100 elementor-top-column elementor-element elementor-element-5e7edbc3\" data-id=\"5e7edbc3\" data-element_type=\"column\" data-e-type=\"column\">\n\t\t\t<div class=\"elementor-widget-wrap elementor-element-populated\">\n\t\t\t\t\t\t<div class=\"elementor-element elementor-element-bdb8193 elementor-widget elementor-widget-image\" data-id=\"bdb8193\" data-element_type=\"widget\" data-e-type=\"widget\" data-widget_type=\"image.default\">\n\t\t\t\t<div class=\"elementor-widget-container\">\n\t\t\t\t\t\t\t\t\t\t\t\t\t\t\t<img fetchpriority=\"high\" decoding=\"async\" width=\"800\" height=\"279\" src=\"https:\/\/www.pryorglobal.com\/wp-content\/uploads\/2020\/09\/Blog-14-\u2013-3.jpg\" class=\"attachment-large size-large wp-image-1269\" alt=\"\" srcset=\"https:\/\/www.pryorglobal.com\/wp-content\/uploads\/2020\/09\/Blog-14-\u2013-3.jpg 860w, https:\/\/www.pryorglobal.com\/wp-content\/uploads\/2020\/09\/Blog-14-\u2013-3-300x105.jpg 300w, https:\/\/www.pryorglobal.com\/wp-content\/uploads\/2020\/09\/Blog-14-\u2013-3-768x268.jpg 768w\" sizes=\"(max-width: 800px) 100vw, 800px\" \/>\t\t\t\t\t\t\t\t\t\t\t\t\t\t\t<\/div>\n\t\t\t\t<\/div>\n\t\t\t\t<div class=\"elementor-element elementor-element-2d15b6b4 elementor-widget elementor-widget-text-editor\" data-id=\"2d15b6b4\" data-element_type=\"widget\" data-e-type=\"widget\" data-widget_type=\"text-editor.default\">\n\t\t\t\t<div class=\"elementor-widget-container\">\n\t\t\t\t\t\t\t\t\t\n<p style=\"text-align: justify;\">Segundo mat\u00e9ria da Confedera\u00e7\u00e3o das Associa\u00e7\u00f5es Comerciais e Empresariais do Brasil &#8211; CACB de junho\/2020, esse ano promete registrar at\u00e9 5 mil pedidos de recupera\u00e7\u00e3o judicial, o maior \u00edndice da hist\u00f3ria, embora tenha crescido em alguns estados o n\u00famero de abertura de empresas. H\u00e1 um Projeto de Lei (PL 1.397\/2020) que j\u00e1 foi aprovado na C\u00e2mara e est\u00e1 em an\u00e1lise no Senado para que a recupera\u00e7\u00e3o judicial siga outras regras durante a pandemia.<\/p>\n\n\n\n<p style=\"text-align: justify;\">Essa tamb\u00e9m ser\u00e1 uma \u00e9poca marcada por processos em todas as inst\u00e2ncias e entre empresas. Por\u00e9m, tamb\u00e9m ser\u00e1 o marco do desenvolvimento acelerado de processos e estruturas digitais. Entre os dias 04 e 06 de agosto de 2020, O Instituto New Law e a Thomson Reuters promoveram o II New Law Annual Meeting &#8211; Direito, Tecnologia e Mercado. O ministro Luiz Fux fez a palestra de abertura. Temas importantes como Intelig\u00eancia Artificial e o impacto na media\u00e7\u00e3o e recupera\u00e7\u00e3o judicial foram debatidos por especialistas renomados internacionalmente.<\/p>\n\n\n\n<p style=\"text-align: justify;\">Al\u00e9m das demandas jur\u00eddicas entre empresas e \u00f3rg\u00e3os p\u00fablicos, cresce exponencialmente o n\u00famero de a\u00e7\u00f5es relacionadas ao coronav\u00edrus nas varas judiciais. Isso exige que olhemos de dois prismas: internamente, os escrit\u00f3rios de advocacia s\u00e3o bombardeados com pequenas a\u00e7\u00f5es e mensagens de WhatsApp s\u00e3o cada vez mais comuns nas tratativas com os clientes. As empresas, por sua vez, est\u00e3o buscando programas de compliance e assist\u00eancia de advogados especializados, conforme aponta o boletim eletr\u00f4nico do Conjur de julho\/2020.<\/p>\n\n\n\n<figure class=\"wp-block-image size-large\"><img decoding=\"async\" width=\"860\" height=\"300\" class=\"wp-image-1180\" src=\"https:\/\/www.pryorglobal.com\/wp-content\/uploads\/2020\/09\/Blog-14-\u2013-4.jpg\" alt=\"\" srcset=\"https:\/\/www.pryorglobal.com\/wp-content\/uploads\/2020\/09\/Blog-14-\u2013-4.jpg 860w, https:\/\/www.pryorglobal.com\/wp-content\/uploads\/2020\/09\/Blog-14-\u2013-4-300x105.jpg 300w, https:\/\/www.pryorglobal.com\/wp-content\/uploads\/2020\/09\/Blog-14-\u2013-4-768x268.jpg 768w\" sizes=\"(max-width: 860px) 100vw, 860px\" \/><\/figure>\n\n\n\n<p style=\"text-align: justify;\">Na tramita\u00e7\u00e3o atual de \u00f3rg\u00e3os como a Jucesp, foram implantados o delivery via postal e o drive thru malote. Todos os agendamentos agora sofrem com as amplia\u00e7\u00f5es para o prazo de respostas e a limita\u00e7\u00e3o de envios de processos de uma \u00fanica vez. Se a tecnologia debatida agora em 2020 j\u00e1 estivesse a servi\u00e7o das empresas de representa\u00e7\u00e3o legal, o cen\u00e1rio seria outro. O acompanhamento de cada etapa dos processos na constitui\u00e7\u00e3o de empresas pode ser acompanhado com seguran\u00e7a e confiabilidade em representantes como a Pryor Consulting, mas esses agentes de interlocu\u00e7\u00e3o est\u00e3o sujeitos \u00e0s novas estruturas de atendimento dos \u00f3rg\u00e3os p\u00fablicos.<\/p>\n\n\n\n<p style=\"text-align: justify;\">Se, por um lado, o Marco Regulat\u00f3rio do Saneamento aprovado pelo Congresso Nacional deve atrair empresas francesas e espanholas, por outro, apenas em agosto\/2020 o servi\u00e7o de valida\u00e7\u00e3o de procura\u00e7\u00e3o RFB, medida que facilita a apresenta\u00e7\u00e3o do servi\u00e7o por meio on-line, ficou dispon\u00edvel.As empresas nacionais e as estrangeiras com inten\u00e7\u00e3o de fazer neg\u00f3cios no Brasil precisam escolher seus representantes legais pautados na seguran\u00e7a jur\u00eddica e possibilidade de rastreamento dos processos que realizam. Al\u00e9m disso, precisam buscar seguros de prote\u00e7\u00e3o e para o relacionamento em ambiente digital.<\/p>\n\n\n\n<p style=\"text-align: justify;\">S\u00e3o muitas as tend\u00eancias do novo ambiente econ\u00f4mico, maiores ainda as exig\u00eancias. Voc\u00ea est\u00e1 preparados?<\/p>\n\t\t\t\t\t\t\t\t<\/div>\n\t\t\t\t<\/div>\n\t\t\t\t\t<\/div>\n\t\t<\/div>\n\t\t\t\t\t<\/div>\n\t\t<\/section>\n\t\t\t\t<\/div>","protected":false},"excerpt":{"rendered":"<p>Segundo mat\u00e9ria da Confedera\u00e7\u00e3o das Associa\u00e7\u00f5es Comerciais e Empresariais do Brasil &#8211; CACB de junho\/2020, esse ano promete registrar at\u00e9 5 mil pedidos de recupera\u00e7\u00e3o judicial, o maior \u00edndice da hist\u00f3ria, embora tenha crescido em alguns estados o n\u00famero de abertura de empresas. H\u00e1 um Projeto de Lei (PL 1.397\/2020) que j\u00e1 foi aprovado na [&hellip;]<\/p>\n","protected":false},"author":10,"featured_media":1267,"comment_status":"open","ping_status":"closed","sticky":false,"template":"","format":"standard","meta":{"footnotes":""},"categories":[18],"tags":[],"class_list":["post-1112","post","type-post","status-publish","format-standard","has-post-thumbnail","hentry","category-representacao-de-empresas-estrangeiras"],"yoast_head":"<!-- This site is optimized with the Yoast SEO plugin v27.2 - https:\/\/yoast.com\/product\/yoast-seo-wordpress\/ -->\n<title>Junta Comercial, Receita Federal e pandemia -Combina\u00e7\u00e3o indigesta - Pryor Global<\/title>\n<meta name=\"description\" content=\"Escolha quem \u00e9 pioneiro na representa\u00e7\u00e3o legal de empresas, empres\u00e1rios e membros de conselho. Seguros, gest\u00e3o inteligente de recursos humanos e financeiros. N\u00f3s entendemos o mercado brasileiro e por isso oferecemos as melhores solu\u00e7\u00f5es para a mitiga\u00e7\u00e3o dos riscos e o desenvolvimento dos seus neg\u00f3cios.\" \/>\n<meta name=\"robots\" content=\"index, follow, max-snippet:-1, max-image-preview:large, max-video-preview:-1\" \/>\n<link rel=\"canonical\" href=\"https:\/\/www.pryorglobal.com\/en\/junta-comercial-receita-federal-e-pandemia-combinacao-indigesta\/\" \/>\n<meta property=\"og:locale\" content=\"en_US\" \/>\n<meta property=\"og:type\" content=\"article\" \/>\n<meta property=\"og:title\" content=\"Junta Comercial, Receita Federal e pandemia -Combina\u00e7\u00e3o indigesta - Pryor Global\" \/>\n<meta property=\"og:description\" content=\"Escolha quem \u00e9 pioneiro na representa\u00e7\u00e3o legal de empresas, empres\u00e1rios e membros de conselho. Seguros, gest\u00e3o inteligente de recursos humanos e financeiros. N\u00f3s entendemos o mercado brasileiro e por isso oferecemos as melhores solu\u00e7\u00f5es para a mitiga\u00e7\u00e3o dos riscos e o desenvolvimento dos seus neg\u00f3cios.\" \/>\n<meta property=\"og:url\" content=\"https:\/\/www.pryorglobal.com\/en\/junta-comercial-receita-federal-e-pandemia-combinacao-indigesta\/\" \/>\n<meta property=\"og:site_name\" content=\"Pryor Global\" \/>\n<meta property=\"article:publisher\" content=\"https:\/\/www.facebook.com\/pryorglobal.oficial\/\" \/>\n<meta property=\"article:published_time\" content=\"2020-09-17T08:00:39+00:00\" \/>\n<meta property=\"article:modified_time\" content=\"2020-09-23T20:01:21+00:00\" \/>\n<meta property=\"og:image\" content=\"https:\/\/www.pryorglobal.com\/wp-content\/uploads\/2020\/09\/Blog-14.jpg\" \/>\n\t<meta property=\"og:image:width\" content=\"340\" \/>\n\t<meta property=\"og:image:height\" content=\"228\" \/>\n\t<meta property=\"og:image:type\" content=\"image\/jpeg\" \/>\n<meta name=\"author\" content=\"prylocawp23 prylocawp23\" \/>\n<meta name=\"twitter:card\" content=\"summary_large_image\" \/>\n<meta name=\"twitter:label1\" content=\"Written by\" \/>\n\t<meta name=\"twitter:data1\" content=\"prylocawp23 prylocawp23\" \/>\n\t<meta name=\"twitter:label2\" content=\"Est. reading time\" \/>\n\t<meta name=\"twitter:data2\" content=\"2 minutes\" \/>\n<script type=\"application\/ld+json\" class=\"yoast-schema-graph\">{\"@context\":\"https:\/\/schema.org\",\"@graph\":[{\"@type\":\"Article\",\"@id\":\"https:\/\/www.pryorglobal.com\/junta-comercial-receita-federal-e-pandemia-combinacao-indigesta\/#article\",\"isPartOf\":{\"@id\":\"https:\/\/www.pryorglobal.com\/junta-comercial-receita-federal-e-pandemia-combinacao-indigesta\/\"},\"author\":{\"name\":\"prylocawp23 prylocawp23\",\"@id\":\"https:\/\/www.pryorglobal.com\/#\/schema\/person\/01971d5e12373439a945513cb647a0b9\"},\"headline\":\"Junta Comercial, Receita Federal e pandemia -Combina\u00e7\u00e3o indigesta\",\"datePublished\":\"2020-09-17T08:00:39+00:00\",\"dateModified\":\"2020-09-23T20:01:21+00:00\",\"mainEntityOfPage\":{\"@id\":\"https:\/\/www.pryorglobal.com\/junta-comercial-receita-federal-e-pandemia-combinacao-indigesta\/\"},\"wordCount\":502,\"commentCount\":0,\"publisher\":{\"@id\":\"https:\/\/www.pryorglobal.com\/#organization\"},\"image\":{\"@id\":\"https:\/\/www.pryorglobal.com\/junta-comercial-receita-federal-e-pandemia-combinacao-indigesta\/#primaryimage\"},\"thumbnailUrl\":\"https:\/\/www.pryorglobal.com\/wp-content\/uploads\/2020\/09\/Blog-14.jpg\",\"articleSection\":[\"Representa\u00e7\u00e3o de empresas estrangeiras\"],\"inLanguage\":\"en-US\",\"potentialAction\":[{\"@type\":\"CommentAction\",\"name\":\"Comment\",\"target\":[\"https:\/\/www.pryorglobal.com\/junta-comercial-receita-federal-e-pandemia-combinacao-indigesta\/#respond\"]}]},{\"@type\":\"WebPage\",\"@id\":\"https:\/\/www.pryorglobal.com\/junta-comercial-receita-federal-e-pandemia-combinacao-indigesta\/\",\"url\":\"https:\/\/www.pryorglobal.com\/junta-comercial-receita-federal-e-pandemia-combinacao-indigesta\/\",\"name\":\"Junta Comercial, Receita Federal e pandemia -Combina\u00e7\u00e3o indigesta - Pryor Global\",\"isPartOf\":{\"@id\":\"https:\/\/www.pryorglobal.com\/#website\"},\"primaryImageOfPage\":{\"@id\":\"https:\/\/www.pryorglobal.com\/junta-comercial-receita-federal-e-pandemia-combinacao-indigesta\/#primaryimage\"},\"image\":{\"@id\":\"https:\/\/www.pryorglobal.com\/junta-comercial-receita-federal-e-pandemia-combinacao-indigesta\/#primaryimage\"},\"thumbnailUrl\":\"https:\/\/www.pryorglobal.com\/wp-content\/uploads\/2020\/09\/Blog-14.jpg\",\"datePublished\":\"2020-09-17T08:00:39+00:00\",\"dateModified\":\"2020-09-23T20:01:21+00:00\",\"description\":\"Escolha quem \u00e9 pioneiro na representa\u00e7\u00e3o legal de empresas, empres\u00e1rios e membros de conselho. Seguros, gest\u00e3o inteligente de recursos humanos e financeiros. N\u00f3s entendemos o mercado brasileiro e por isso oferecemos as melhores solu\u00e7\u00f5es para a mitiga\u00e7\u00e3o dos riscos e o desenvolvimento dos seus neg\u00f3cios.\",\"breadcrumb\":{\"@id\":\"https:\/\/www.pryorglobal.com\/junta-comercial-receita-federal-e-pandemia-combinacao-indigesta\/#breadcrumb\"},\"inLanguage\":\"en-US\",\"potentialAction\":[{\"@type\":\"ReadAction\",\"target\":[\"https:\/\/www.pryorglobal.com\/junta-comercial-receita-federal-e-pandemia-combinacao-indigesta\/\"]}]},{\"@type\":\"ImageObject\",\"inLanguage\":\"en-US\",\"@id\":\"https:\/\/www.pryorglobal.com\/junta-comercial-receita-federal-e-pandemia-combinacao-indigesta\/#primaryimage\",\"url\":\"https:\/\/www.pryorglobal.com\/wp-content\/uploads\/2020\/09\/Blog-14.jpg\",\"contentUrl\":\"https:\/\/www.pryorglobal.com\/wp-content\/uploads\/2020\/09\/Blog-14.jpg\",\"width\":340,\"height\":228},{\"@type\":\"BreadcrumbList\",\"@id\":\"https:\/\/www.pryorglobal.com\/junta-comercial-receita-federal-e-pandemia-combinacao-indigesta\/#breadcrumb\",\"itemListElement\":[{\"@type\":\"ListItem\",\"position\":1,\"name\":\"In\u00edcio\",\"item\":\"https:\/\/www.pryorglobal.com\/\"},{\"@type\":\"ListItem\",\"position\":2,\"name\":\"Junta Comercial, Receita Federal e pandemia -Combina\u00e7\u00e3o indigesta\"}]},{\"@type\":\"WebSite\",\"@id\":\"https:\/\/www.pryorglobal.com\/#website\",\"url\":\"https:\/\/www.pryorglobal.com\/\",\"name\":\"Pryor Global\",\"description\":\"\",\"publisher\":{\"@id\":\"https:\/\/www.pryorglobal.com\/#organization\"},\"potentialAction\":[{\"@type\":\"SearchAction\",\"target\":{\"@type\":\"EntryPoint\",\"urlTemplate\":\"https:\/\/www.pryorglobal.com\/?s={search_term_string}\"},\"query-input\":{\"@type\":\"PropertyValueSpecification\",\"valueRequired\":true,\"valueName\":\"search_term_string\"}}],\"inLanguage\":\"en-US\"},{\"@type\":\"Organization\",\"@id\":\"https:\/\/www.pryorglobal.com\/#organization\",\"name\":\"Pryor Global\",\"url\":\"https:\/\/www.pryorglobal.com\/\",\"logo\":{\"@type\":\"ImageObject\",\"inLanguage\":\"en-US\",\"@id\":\"https:\/\/www.pryorglobal.com\/#\/schema\/logo\/image\/\",\"url\":\"https:\/\/www.pryorglobal.com\/wp-content\/uploads\/2024\/09\/logo_pryor.svg\",\"contentUrl\":\"https:\/\/www.pryorglobal.com\/wp-content\/uploads\/2024\/09\/logo_pryor.svg\",\"caption\":\"Pryor Global\"},\"image\":{\"@id\":\"https:\/\/www.pryorglobal.com\/#\/schema\/logo\/image\/\"},\"sameAs\":[\"https:\/\/www.facebook.com\/pryorglobal.oficial\/\",\"https:\/\/www.instagram.com\/pryorglobal\/\",\"https:\/\/www.linkedin.com\/company\/pryorglobal\/\"]},{\"@type\":\"Person\",\"@id\":\"https:\/\/www.pryorglobal.com\/#\/schema\/person\/01971d5e12373439a945513cb647a0b9\",\"name\":\"prylocawp23 prylocawp23\",\"image\":{\"@type\":\"ImageObject\",\"inLanguage\":\"en-US\",\"@id\":\"https:\/\/secure.gravatar.com\/avatar\/de81a7a6ba6373eebbbc0ff939a766f2d8e173366b4612cbbb9b4c37c24b540b?s=96&d=mm&r=g\",\"url\":\"https:\/\/secure.gravatar.com\/avatar\/de81a7a6ba6373eebbbc0ff939a766f2d8e173366b4612cbbb9b4c37c24b540b?s=96&d=mm&r=g\",\"contentUrl\":\"https:\/\/secure.gravatar.com\/avatar\/de81a7a6ba6373eebbbc0ff939a766f2d8e173366b4612cbbb9b4c37c24b540b?s=96&d=mm&r=g\",\"caption\":\"prylocawp23 prylocawp23\"}}]}<\/script>\n<!-- \/ Yoast SEO plugin. -->","yoast_head_json":{"title":"Junta Comercial, Receita Federal e pandemia -Combina\u00e7\u00e3o indigesta - Pryor Global","description":"Choose who is a pioneer in the legal representation of companies, entrepreneurs and board members. Insurance, intelligent management of human and financial resources. We understand the Brazilian market and that is why we offer the best solutions for risk mitigation and the development of your business.","robots":{"index":"index","follow":"follow","max-snippet":"max-snippet:-1","max-image-preview":"max-image-preview:large","max-video-preview":"max-video-preview:-1"},"canonical":"https:\/\/www.pryorglobal.com\/en\/junta-comercial-receita-federal-e-pandemia-combinacao-indigesta\/","og_locale":"en_US","og_type":"article","og_title":"Junta Comercial, Receita Federal e pandemia -Combina\u00e7\u00e3o indigesta - Pryor Global","og_description":"Escolha quem \u00e9 pioneiro na representa\u00e7\u00e3o legal de empresas, empres\u00e1rios e membros de conselho. Seguros, gest\u00e3o inteligente de recursos humanos e financeiros. N\u00f3s entendemos o mercado brasileiro e por isso oferecemos as melhores solu\u00e7\u00f5es para a mitiga\u00e7\u00e3o dos riscos e o desenvolvimento dos seus neg\u00f3cios.","og_url":"https:\/\/www.pryorglobal.com\/en\/junta-comercial-receita-federal-e-pandemia-combinacao-indigesta\/","og_site_name":"Pryor Global","article_publisher":"https:\/\/www.facebook.com\/pryorglobal.oficial\/","article_published_time":"2020-09-17T08:00:39+00:00","article_modified_time":"2020-09-23T20:01:21+00:00","og_image":[{"width":340,"height":228,"url":"https:\/\/www.pryorglobal.com\/wp-content\/uploads\/2020\/09\/Blog-14.jpg","type":"image\/jpeg"}],"author":"prylocawp23 prylocawp23","twitter_card":"summary_large_image","twitter_misc":{"Written by":"prylocawp23 prylocawp23","Est. reading time":"2 minutes"},"schema":{"@context":"https:\/\/schema.org","@graph":[{"@type":"Article","@id":"https:\/\/www.pryorglobal.com\/junta-comercial-receita-federal-e-pandemia-combinacao-indigesta\/#article","isPartOf":{"@id":"https:\/\/www.pryorglobal.com\/junta-comercial-receita-federal-e-pandemia-combinacao-indigesta\/"},"author":{"name":"prylocawp23 prylocawp23","@id":"https:\/\/www.pryorglobal.com\/#\/schema\/person\/01971d5e12373439a945513cb647a0b9"},"headline":"Junta Comercial, Receita Federal e pandemia -Combina\u00e7\u00e3o indigesta","datePublished":"2020-09-17T08:00:39+00:00","dateModified":"2020-09-23T20:01:21+00:00","mainEntityOfPage":{"@id":"https:\/\/www.pryorglobal.com\/junta-comercial-receita-federal-e-pandemia-combinacao-indigesta\/"},"wordCount":502,"commentCount":0,"publisher":{"@id":"https:\/\/www.pryorglobal.com\/#organization"},"image":{"@id":"https:\/\/www.pryorglobal.com\/junta-comercial-receita-federal-e-pandemia-combinacao-indigesta\/#primaryimage"},"thumbnailUrl":"https:\/\/www.pryorglobal.com\/wp-content\/uploads\/2020\/09\/Blog-14.jpg","articleSection":["Representa\u00e7\u00e3o de empresas estrangeiras"],"inLanguage":"en-US","potentialAction":[{"@type":"CommentAction","name":"Comment","target":["https:\/\/www.pryorglobal.com\/junta-comercial-receita-federal-e-pandemia-combinacao-indigesta\/#respond"]}]},{"@type":"WebPage","@id":"https:\/\/www.pryorglobal.com\/junta-comercial-receita-federal-e-pandemia-combinacao-indigesta\/","url":"https:\/\/www.pryorglobal.com\/junta-comercial-receita-federal-e-pandemia-combinacao-indigesta\/","name":"Junta Comercial, Receita Federal e pandemia -Combina\u00e7\u00e3o indigesta - Pryor Global","isPartOf":{"@id":"https:\/\/www.pryorglobal.com\/#website"},"primaryImageOfPage":{"@id":"https:\/\/www.pryorglobal.com\/junta-comercial-receita-federal-e-pandemia-combinacao-indigesta\/#primaryimage"},"image":{"@id":"https:\/\/www.pryorglobal.com\/junta-comercial-receita-federal-e-pandemia-combinacao-indigesta\/#primaryimage"},"thumbnailUrl":"https:\/\/www.pryorglobal.com\/wp-content\/uploads\/2020\/09\/Blog-14.jpg","datePublished":"2020-09-17T08:00:39+00:00","dateModified":"2020-09-23T20:01:21+00:00","description":"Choose who is a pioneer in the legal representation of companies, entrepreneurs and board members. Insurance, intelligent management of human and financial resources. We understand the Brazilian market and that is why we offer the best solutions for risk mitigation and the development of your business.","breadcrumb":{"@id":"https:\/\/www.pryorglobal.com\/junta-comercial-receita-federal-e-pandemia-combinacao-indigesta\/#breadcrumb"},"inLanguage":"en-US","potentialAction":[{"@type":"ReadAction","target":["https:\/\/www.pryorglobal.com\/junta-comercial-receita-federal-e-pandemia-combinacao-indigesta\/"]}]},{"@type":"ImageObject","inLanguage":"en-US","@id":"https:\/\/www.pryorglobal.com\/junta-comercial-receita-federal-e-pandemia-combinacao-indigesta\/#primaryimage","url":"https:\/\/www.pryorglobal.com\/wp-content\/uploads\/2020\/09\/Blog-14.jpg","contentUrl":"https:\/\/www.pryorglobal.com\/wp-content\/uploads\/2020\/09\/Blog-14.jpg","width":340,"height":228},{"@type":"BreadcrumbList","@id":"https:\/\/www.pryorglobal.com\/junta-comercial-receita-federal-e-pandemia-combinacao-indigesta\/#breadcrumb","itemListElement":[{"@type":"ListItem","position":1,"name":"In\u00edcio","item":"https:\/\/www.pryorglobal.com\/"},{"@type":"ListItem","position":2,"name":"Junta Comercial, Receita Federal e pandemia -Combina\u00e7\u00e3o indigesta"}]},{"@type":"WebSite","@id":"https:\/\/www.pryorglobal.com\/#website","url":"https:\/\/www.pryorglobal.com\/","name":"Pryor Global","description":"","publisher":{"@id":"https:\/\/www.pryorglobal.com\/#organization"},"potentialAction":[{"@type":"SearchAction","target":{"@type":"EntryPoint","urlTemplate":"https:\/\/www.pryorglobal.com\/?s={search_term_string}"},"query-input":{"@type":"PropertyValueSpecification","valueRequired":true,"valueName":"search_term_string"}}],"inLanguage":"en-US"},{"@type":"Organization","@id":"https:\/\/www.pryorglobal.com\/#organization","name":"Pryor Global","url":"https:\/\/www.pryorglobal.com\/","logo":{"@type":"ImageObject","inLanguage":"en-US","@id":"https:\/\/www.pryorglobal.com\/#\/schema\/logo\/image\/","url":"https:\/\/www.pryorglobal.com\/wp-content\/uploads\/2024\/09\/logo_pryor.svg","contentUrl":"https:\/\/www.pryorglobal.com\/wp-content\/uploads\/2024\/09\/logo_pryor.svg","caption":"Pryor Global"},"image":{"@id":"https:\/\/www.pryorglobal.com\/#\/schema\/logo\/image\/"},"sameAs":["https:\/\/www.facebook.com\/pryorglobal.oficial\/","https:\/\/www.instagram.com\/pryorglobal\/","https:\/\/www.linkedin.com\/company\/pryorglobal\/"]},{"@type":"Person","@id":"https:\/\/www.pryorglobal.com\/#\/schema\/person\/01971d5e12373439a945513cb647a0b9","name":"prylocawp23 prylocawp23","image":{"@type":"ImageObject","inLanguage":"en-US","@id":"https:\/\/secure.gravatar.com\/avatar\/de81a7a6ba6373eebbbc0ff939a766f2d8e173366b4612cbbb9b4c37c24b540b?s=96&d=mm&r=g","url":"https:\/\/secure.gravatar.com\/avatar\/de81a7a6ba6373eebbbc0ff939a766f2d8e173366b4612cbbb9b4c37c24b540b?s=96&d=mm&r=g","contentUrl":"https:\/\/secure.gravatar.com\/avatar\/de81a7a6ba6373eebbbc0ff939a766f2d8e173366b4612cbbb9b4c37c24b540b?s=96&d=mm&r=g","caption":"prylocawp23 prylocawp23"}}]}},"_links":{"self":[{"href":"http:\/\/www.pryorglobal.com\/en\/wp-json\/wp\/v2\/posts\/1112","targetHints":{"allow":["GET"]}}],"collection":[{"href":"http:\/\/www.pryorglobal.com\/en\/wp-json\/wp\/v2\/posts"}],"about":[{"href":"http:\/\/www.pryorglobal.com\/en\/wp-json\/wp\/v2\/types\/post"}],"author":[{"embeddable":true,"href":"http:\/\/www.pryorglobal.com\/en\/wp-json\/wp\/v2\/users\/10"}],"replies":[{"embeddable":true,"href":"http:\/\/www.pryorglobal.com\/en\/wp-json\/wp\/v2\/comments?post=1112"}],"version-history":[{"count":0,"href":"http:\/\/www.pryorglobal.com\/en\/wp-json\/wp\/v2\/posts\/1112\/revisions"}],"wp:featuredmedia":[{"embeddable":true,"href":"http:\/\/www.pryorglobal.com\/en\/wp-json\/wp\/v2\/media\/1267"}],"wp:attachment":[{"href":"http:\/\/www.pryorglobal.com\/en\/wp-json\/wp\/v2\/media?parent=1112"}],"wp:term":[{"taxonomy":"category","embeddable":true,"href":"http:\/\/www.pryorglobal.com\/en\/wp-json\/wp\/v2\/categories?post=1112"},{"taxonomy":"post_tag","embeddable":true,"href":"http:\/\/www.pryorglobal.com\/en\/wp-json\/wp\/v2\/tags?post=1112"}],"curies":[{"name":"wp","href":"https:\/\/api.w.org\/{rel}","templated":true}]}}